{"id":67125,"date":"2022-08-01T16:25:26","date_gmt":"2022-08-01T16:25:26","guid":{"rendered":"https:\/\/jorgezanoni.com.br\/2019\/?p=67125"},"modified":"2022-08-01T16:25:26","modified_gmt":"2022-08-01T16:25:26","slug":"policia-militar-prende-homem-na-vicinal-joao-araujo-em-dracena-por-trafico-de-drogas","status":"publish","type":"post","link":"https:\/\/jorgezanoni.com.br\/2019\/policia-militar-prende-homem-na-vicinal-joao-araujo-em-dracena-por-trafico-de-drogas\/","title":{"rendered":"Pol\u00edcia Militar prende homem na vicinal Jo\u00e3o Ara\u00fajo em Dracena por Tr\u00e1fico de Drogas"},"content":{"rendered":"<p style=\"text-align: justify;\"><strong>POLICIA MILITAR EM A\u00c7\u00c3O DE FOR\u00c7A T\u00c1TICA PRENDE HOMEM TR\u00c1FICO DE DROGAS EM DRACENA.<\/strong><\/p>\n<p style=\"text-align: justify;\">NA DATA DE ONTEM (31) POR VOLTA DAS 19H20MIN DURANTE DESLOCAMENTO NA ESTRADA VICINAL JO\u00c3O ARA\u00daJO, KM. 5 EM DRACENA, EQUIPE DE FOR\u00c7A T\u00c1TICA DEPAROU COM DOIS INDIV\u00cdDUOS NUMA MOTOCICLETA, O GARUPA AO VISUALIZAR A VIATURA COLOCOU A M\u00c3O NA CINTURA E DISPENSOU UMA SACOLA AMARELA.<br \/>\nDEVIDO O OCORRIDO FOI REALIZADA A ABORDAGEM, AO VERIFICAR O OBJETO DISPENSADO PELO GARUPA TRATAVA-SE DE DOIS TABLETES DE CRACK, AP\u00d3S PESADO (0.018 KG).<br \/>\nDIANTE DOS FATOS INDIV\u00cdDUO DE 26 ANOS, CONFESSOU QUE CONTRATOU O MOTOTAXISTA (TESTEMUNHA DE 27 ANOS) A FIM DE LEV\u00c1-LO AO BAIRRO IANDARA, QUE ESTAVA LEVANDO AS DROGAS PARA UM INDIV\u00cdDUO DAQUELE BAIRRO E RECEBERIA UM CELULAR COMO PAGAMENTO.<br \/>\nO GARUPA FOI PRESO E PERMANECEU \u00c0 DISPOSI\u00c7\u00c3O DA JUSTI\u00c7A.<\/p>\n<p style=\"text-align: justify;\">Fonte: Com. Social Pol\u00edcia Militar<\/p>\n","protected":false},"excerpt":{"rendered":"<p>POLICIA MILITAR EM A\u00c7\u00c3O DE FOR\u00c7A T\u00c1TICA PRENDE HOMEM TR\u00c1FICO DE DROGAS EM DRACENA. NA DATA DE ONTEM (31) POR VOLTA DAS 19H20MIN DURANTE DESLOCAMENTO NA ESTRADA VICINAL JO\u00c3O ARA\u00daJO, KM. 5 EM DRACENA, EQUIPE DE FOR\u00c7A T\u00c1TICA DEPAROU COM DOIS INDIV\u00cdDUOS NUMA MOTOCICLETA, O GARUPA AO VISUALIZAR A VIATURA COLOCOU A M\u00c3O NA CINTURA [&hellip;]<\/p>\n","protected":false},"author":1,"featured_media":67126,"comment_status":"closed","ping_status":"open","sticky":false,"template":"","format":"standard","meta":{"footnotes":""},"categories":[110,2],"tags":[],"class_list":["post-67125","post","type-post","status-publish","format-standard","has-post-thumbnail","hentry","category-noticiasdestaque","category-policial"],"_links":{"self":[{"href":"https:\/\/jorgezanoni.com.br\/2019\/wp-json\/wp\/v2\/posts\/67125","targetHints":{"allow":["GET"]}}],"collection":[{"href":"https:\/\/jorgezanoni.com.br\/2019\/wp-json\/wp\/v2\/posts"}],"about":[{"href":"https:\/\/jorgezanoni.com.br\/2019\/wp-json\/wp\/v2\/types\/post"}],"author":[{"embeddable":true,"href":"https:\/\/jorgezanoni.com.br\/2019\/wp-json\/wp\/v2\/users\/1"}],"replies":[{"embeddable":true,"href":"https:\/\/jorgezanoni.com.br\/2019\/wp-json\/wp\/v2\/comments?post=67125"}],"version-history":[{"count":1,"href":"https:\/\/jorgezanoni.com.br\/2019\/wp-json\/wp\/v2\/posts\/67125\/revisions"}],"predecessor-version":[{"id":67127,"href":"https:\/\/jorgezanoni.com.br\/2019\/wp-json\/wp\/v2\/posts\/67125\/revisions\/67127"}],"wp:featuredmedia":[{"embeddable":true,"href":"https:\/\/jorgezanoni.com.br\/2019\/wp-json\/wp\/v2\/media\/67126"}],"wp:attachment":[{"href":"https:\/\/jorgezanoni.com.br\/2019\/wp-json\/wp\/v2\/media?parent=67125"}],"wp:term":[{"taxonomy":"category","embeddable":true,"href":"https:\/\/jorgezanoni.com.br\/2019\/wp-json\/wp\/v2\/categories?post=67125"},{"taxonomy":"post_tag","embeddable":true,"href":"https:\/\/jorgezanoni.com.br\/2019\/wp-json\/wp\/v2\/tags?post=67125"}],"curies":[{"name":"wp","href":"https:\/\/api.w.org\/{rel}","templated":true}]}}