{"id":66983,"date":"2022-07-30T19:45:09","date_gmt":"2022-07-30T19:45:09","guid":{"rendered":"https:\/\/jorgezanoni.com.br\/2019\/?p=66983"},"modified":"2022-07-30T19:45:09","modified_gmt":"2022-07-30T19:45:09","slug":"tribunal-de-justica-concede-liminar-contra-elevacao-nos-subsidios-do-prefeito-vice-e-secretarios-de-dracena","status":"publish","type":"post","link":"https:\/\/jorgezanoni.com.br\/2019\/tribunal-de-justica-concede-liminar-contra-elevacao-nos-subsidios-do-prefeito-vice-e-secretarios-de-dracena\/","title":{"rendered":"Tribunal de Justi\u00e7a concede Liminar contra eleva\u00e7\u00e3o nos subs\u00eddios do prefeito, vice e secret\u00e1rios de Dracena"},"content":{"rendered":"<p style=\"text-align: justify;\">LIMINAR ALTERA SUBS\u00cdDIOS<\/p>\n<p style=\"font-weight: 400; text-align: justify;\">O Tribunal de Justi\u00e7a concedeu liminar em A\u00e7\u00e3o Direta de Inconstitucionalidade (ADI) ajuizada pelo Procurador Geral contra a eleva\u00e7\u00e3o de subs\u00eddios do prefeito, vice-prefeito e secret\u00e1rios de Dracena autorizadas durante o pr\u00f3prio mandato entre 2017 e 2022 (mandato anterior e o atual). O relator foi Campos Mello e saiu dia 26 de julho. A representa\u00e7\u00e3o partiu dos dois ex-vereadores locais Davi Silva e J\u00falio C\u00e9sar Monteiro.<\/p>\n<p style=\"font-weight: 400; text-align: justify;\">O QUE MUDA<\/p>\n<p style=\"font-weight: 400; text-align: justify;\">O Procurador defende que \u00e9 vedada a vincula\u00e7\u00e3o do reajuste dos subs\u00eddios percebidos por agentes pol\u00edticos \u00e0 revis\u00e3o geral anual assegurada aos servidores p\u00fablicos. Desta forma, os atuais ocupantes de cargos ter\u00e3o seus subs\u00eddios recalculados, ficando bem abaixo do que percebiam atualmente. N\u00e3o houve pedido para devolu\u00e7\u00e3o de dinheiro. No caso dos secret\u00e1rios o subs\u00eddio vai cair bastante em rela\u00e7\u00e3o \u00e0 responsabilidade do cargo.<\/p>\n<p style=\"font-weight: 400; text-align: justify;\">PRAZO ABERTO<\/p>\n<p style=\"font-weight: 400; text-align: justify;\">Mesmo concedendo a liminar, o relator deu prazo de 30 dias para que prefeito e presidente da C\u00e2mara prestem informa\u00e7\u00f5es. Depois, 15 dias para a Procuradoria Geral do Estado apresentar eventual manifesta\u00e7\u00e3o. A Prefeitura informou que vai recorrer da decis\u00e3o para derrubar a liminar.<\/p>\n<p>Fonte: Bastidores da Not\u00edcia<\/p>\n<p><img loading=\"lazy\" decoding=\"async\" class=\"alignnone size-full wp-image-66985\" src=\"https:\/\/jorgezanoni.com.br\/2019\/wp-content\/uploads\/2022\/07\/putz-2.jpg\" alt=\"\" width=\"991\" height=\"692\" srcset=\"https:\/\/jorgezanoni.com.br\/2019\/wp-content\/uploads\/2022\/07\/putz-2.jpg 991w, https:\/\/jorgezanoni.com.br\/2019\/wp-content\/uploads\/2022\/07\/putz-2-300x209.jpg 300w, https:\/\/jorgezanoni.com.br\/2019\/wp-content\/uploads\/2022\/07\/putz-2-768x536.jpg 768w, https:\/\/jorgezanoni.com.br\/2019\/wp-content\/uploads\/2022\/07\/putz-2-100x70.jpg 100w, https:\/\/jorgezanoni.com.br\/2019\/wp-content\/uploads\/2022\/07\/putz-2-696x486.jpg 696w, https:\/\/jorgezanoni.com.br\/2019\/wp-content\/uploads\/2022\/07\/putz-2-601x420.jpg 601w\" sizes=\"auto, (max-width: 991px) 100vw, 991px\" \/> <img loading=\"lazy\" decoding=\"async\" class=\"alignnone size-full wp-image-66986\" src=\"https:\/\/jorgezanoni.com.br\/2019\/wp-content\/uploads\/2022\/07\/putz1-2.jpg\" alt=\"\" width=\"978\" height=\"711\" srcset=\"https:\/\/jorgezanoni.com.br\/2019\/wp-content\/uploads\/2022\/07\/putz1-2.jpg 978w, https:\/\/jorgezanoni.com.br\/2019\/wp-content\/uploads\/2022\/07\/putz1-2-300x218.jpg 300w, https:\/\/jorgezanoni.com.br\/2019\/wp-content\/uploads\/2022\/07\/putz1-2-768x558.jpg 768w, https:\/\/jorgezanoni.com.br\/2019\/wp-content\/uploads\/2022\/07\/putz1-2-324x235.jpg 324w, https:\/\/jorgezanoni.com.br\/2019\/wp-content\/uploads\/2022\/07\/putz1-2-696x506.jpg 696w, https:\/\/jorgezanoni.com.br\/2019\/wp-content\/uploads\/2022\/07\/putz1-2-578x420.jpg 578w\" sizes=\"auto, (max-width: 978px) 100vw, 978px\" \/><\/p>\n<p>Imagem Ilustrativa<\/p>\n","protected":false},"excerpt":{"rendered":"<p>LIMINAR ALTERA SUBS\u00cdDIOS O Tribunal de Justi\u00e7a concedeu liminar em A\u00e7\u00e3o Direta de Inconstitucionalidade (ADI) ajuizada pelo Procurador Geral contra a eleva\u00e7\u00e3o de subs\u00eddios do prefeito, vice-prefeito e secret\u00e1rios de Dracena autorizadas durante o pr\u00f3prio mandato entre 2017 e 2022 (mandato anterior e o atual). O relator foi Campos Mello e saiu dia 26 de [&hellip;]<\/p>\n","protected":false},"author":1,"featured_media":66987,"comment_status":"closed","ping_status":"open","sticky":false,"template":"","format":"standard","meta":{"footnotes":""},"categories":[120,110],"tags":[],"class_list":["post-66983","post","type-post","status-publish","format-standard","has-post-thumbnail","hentry","category-justicahabitacaotecnologia","category-noticiasdestaque"],"_links":{"self":[{"href":"https:\/\/jorgezanoni.com.br\/2019\/wp-json\/wp\/v2\/posts\/66983","targetHints":{"allow":["GET"]}}],"collection":[{"href":"https:\/\/jorgezanoni.com.br\/2019\/wp-json\/wp\/v2\/posts"}],"about":[{"href":"https:\/\/jorgezanoni.com.br\/2019\/wp-json\/wp\/v2\/types\/post"}],"author":[{"embeddable":true,"href":"https:\/\/jorgezanoni.com.br\/2019\/wp-json\/wp\/v2\/users\/1"}],"replies":[{"embeddable":true,"href":"https:\/\/jorgezanoni.com.br\/2019\/wp-json\/wp\/v2\/comments?post=66983"}],"version-history":[{"count":1,"href":"https:\/\/jorgezanoni.com.br\/2019\/wp-json\/wp\/v2\/posts\/66983\/revisions"}],"predecessor-version":[{"id":66988,"href":"https:\/\/jorgezanoni.com.br\/2019\/wp-json\/wp\/v2\/posts\/66983\/revisions\/66988"}],"wp:featuredmedia":[{"embeddable":true,"href":"https:\/\/jorgezanoni.com.br\/2019\/wp-json\/wp\/v2\/media\/66987"}],"wp:attachment":[{"href":"https:\/\/jorgezanoni.com.br\/2019\/wp-json\/wp\/v2\/media?parent=66983"}],"wp:term":[{"taxonomy":"category","embeddable":true,"href":"https:\/\/jorgezanoni.com.br\/2019\/wp-json\/wp\/v2\/categories?post=66983"},{"taxonomy":"post_tag","embeddable":true,"href":"https:\/\/jorgezanoni.com.br\/2019\/wp-json\/wp\/v2\/tags?post=66983"}],"curies":[{"name":"wp","href":"https:\/\/api.w.org\/{rel}","templated":true}]}}