{"id":66960,"date":"2022-07-29T22:42:19","date_gmt":"2022-07-29T22:42:19","guid":{"rendered":"https:\/\/jorgezanoni.com.br\/2019\/?p=66960"},"modified":"2022-07-29T22:42:19","modified_gmt":"2022-07-29T22:42:19","slug":"policia-militar-retira-bebe-de-17-meses-do-interior-de-veiculo-trancado-em-santa-mercedes","status":"publish","type":"post","link":"https:\/\/jorgezanoni.com.br\/2019\/policia-militar-retira-bebe-de-17-meses-do-interior-de-veiculo-trancado-em-santa-mercedes\/","title":{"rendered":"Pol\u00edcia Militar retira Beb\u00ea de 17 meses do interior de ve\u00edculo trancado em Santa Mercedes"},"content":{"rendered":"<p style=\"text-align: justify;\"><strong>Nem todo her\u00f3i usa capa, alguns usam farda e est\u00e3o nas ruas para SERVIR E PROTEGER.<\/strong><\/p>\n<p>Na manha de quarta-feira, 27, a unidade da Pol\u00edcia Militar em servi\u00e7o no munic\u00edpio de Santa Mercedes, foi solicitada via Copom para atendimento de ocorr\u00eancia de crian\u00e7a presa em interior de ve\u00edculo. De imediato, equipe deslocou-se, at\u00e9 o local dos fatos onde se depararam com os genitores muito nervosos do lado de fora do ve\u00edculo Ford\/Ka 2009 estacionado, com as portas trancadas e o motor ligado e, a crian\u00e7a de 17 meses presa no interior do ve\u00edculo \u00a0chorando. Pelo fato do ve\u00edculo ser compacto, foi descartada a hip\u00f3tese de se quebrar um dos vidros para ter acesso ao interior do ve\u00edculo, pois poderia causar les\u00f5es na crian\u00e7a devido aos estilha\u00e7os. Os policiais militares, com o aux\u00edlio do bast\u00e3o \u201ctonfa\u201d, foi aberto uma pequena passagem na guarni\u00e7\u00e3o do vidro dianteiro e com o uso de um cabo de vassoura acionou o vidro el\u00e9trico dando acesso ao interior do autom\u00f3vel, liberando as portas. Gra\u00e7as ao empenho dos policiais militares a crian\u00e7a foi entregue aos genitores sem les\u00f5es.<\/p>\n<p>Fonte: Com. Social Pol\u00edcia Militar<\/p>\n<p>Imagem Ilustrativa<\/p>\n","protected":false},"excerpt":{"rendered":"<p>Nem todo her\u00f3i usa capa, alguns usam farda e est\u00e3o nas ruas para SERVIR E PROTEGER. Na manha de quarta-feira, 27, a unidade da Pol\u00edcia Militar em servi\u00e7o no munic\u00edpio de Santa Mercedes, foi solicitada via Copom para atendimento de ocorr\u00eancia de crian\u00e7a presa em interior de ve\u00edculo. De imediato, equipe deslocou-se, at\u00e9 o local [&hellip;]<\/p>\n","protected":false},"author":1,"featured_media":66961,"comment_status":"closed","ping_status":"open","sticky":false,"template":"","format":"standard","meta":{"footnotes":""},"categories":[110,122],"tags":[],"class_list":["post-66960","post","type-post","status-publish","format-standard","has-post-thumbnail","hentry","category-noticiasdestaque","category-saudeeducacaoeconcurso"],"_links":{"self":[{"href":"https:\/\/jorgezanoni.com.br\/2019\/wp-json\/wp\/v2\/posts\/66960","targetHints":{"allow":["GET"]}}],"collection":[{"href":"https:\/\/jorgezanoni.com.br\/2019\/wp-json\/wp\/v2\/posts"}],"about":[{"href":"https:\/\/jorgezanoni.com.br\/2019\/wp-json\/wp\/v2\/types\/post"}],"author":[{"embeddable":true,"href":"https:\/\/jorgezanoni.com.br\/2019\/wp-json\/wp\/v2\/users\/1"}],"replies":[{"embeddable":true,"href":"https:\/\/jorgezanoni.com.br\/2019\/wp-json\/wp\/v2\/comments?post=66960"}],"version-history":[{"count":1,"href":"https:\/\/jorgezanoni.com.br\/2019\/wp-json\/wp\/v2\/posts\/66960\/revisions"}],"predecessor-version":[{"id":66962,"href":"https:\/\/jorgezanoni.com.br\/2019\/wp-json\/wp\/v2\/posts\/66960\/revisions\/66962"}],"wp:featuredmedia":[{"embeddable":true,"href":"https:\/\/jorgezanoni.com.br\/2019\/wp-json\/wp\/v2\/media\/66961"}],"wp:attachment":[{"href":"https:\/\/jorgezanoni.com.br\/2019\/wp-json\/wp\/v2\/media?parent=66960"}],"wp:term":[{"taxonomy":"category","embeddable":true,"href":"https:\/\/jorgezanoni.com.br\/2019\/wp-json\/wp\/v2\/categories?post=66960"},{"taxonomy":"post_tag","embeddable":true,"href":"https:\/\/jorgezanoni.com.br\/2019\/wp-json\/wp\/v2\/tags?post=66960"}],"curies":[{"name":"wp","href":"https:\/\/api.w.org\/{rel}","templated":true}]}}