{"id":66953,"date":"2022-07-29T21:44:39","date_gmt":"2022-07-29T21:44:39","guid":{"rendered":"https:\/\/jorgezanoni.com.br\/2019\/?p=66953"},"modified":"2022-07-29T21:44:39","modified_gmt":"2022-07-29T21:44:39","slug":"docente-da-unifadra-conclui-mestrado-profa-claudineia-macedo","status":"publish","type":"post","link":"https:\/\/jorgezanoni.com.br\/2019\/docente-da-unifadra-conclui-mestrado-profa-claudineia-macedo\/","title":{"rendered":"Docente da Unifadra conclui Mestrado &#8211; Profa. Claudineia Macedo"},"content":{"rendered":"<p style=\"text-align: justify;\"><span style=\"font-size: large;\">A enfermeira e docente dos cursos de Enfermagem e de Medicina da Unifadra Dracena Profa. Claudineia Macedo fez sua apresenta\u00e7\u00e3o de defesa no dia 30 de junho e concluiu o Mestrado em Enfermagem pela Universidade Federal de Mato Grosso do Sul (UFMS).<\/span><\/p>\n<p><span style=\"font-size: large;\">Com a disserta\u00e7\u00e3o &#8220;Sintomas depressivos e solid\u00e3o em adultos e idosos&#8221;, a docente foi orientada pela\u00a0<\/span>Profa. Dra.<span style=\"font-size: large;\">\u00a0Tatiana Carvalho Reis Martins (UFMS).<\/span><\/p>\n<p><span style=\"font-size: large;\">Na banca de avalia\u00e7\u00e3o, estiveram presentes a\u00a0<\/span>Profa. Dra.<span style=\"font-size: large;\">\u00a0Bianca Cristina Ciccone Giacon Arruda (UFMS), a Profa.\u00a0<\/span>Dra.<span style=\"font-size: large;\">\u00a0Fernanda Marques da Costa (Universidade Estadual de Montes Claros), a\u00a0<\/span>Profa. Dra.<span style=\"font-size: large;\">\u00a0Hellen Pollyanna Mantelo Cecilio (UFMS) e o\u00a0<\/span>Prof. Dr.<span style=\"font-size: large;\">\u00a0Lucas Gazarini (UFMS).<\/span><\/p>\n<p><span style=\"font-size: large;\">Segundo Claudineia, seu estudo avaliou os sintomas depressivos e a solid\u00e3o em adultos acima de 45 anos e idosos cadastrados em Unidades de Sa\u00fade da Fam\u00edlia em um munic\u00edpio do Mato Grosso do Sul. Os resultados foram divididos em dois artigos.<\/span><\/p>\n<p><span style=\"font-size: large;\">O primeiro artigo identificou os fatores associados ao surgimento e \u00e0 piora dos sintomas depressivos entre adultos mais velhos e idosos cadastrados em Unidades de Sa\u00fade da Fam\u00edlia, em um per\u00edodo de dois anos, antes e durante a pandemia.<\/span><\/p>\n<p><span style=\"font-size: large;\">J\u00e1 o segundo artigo buscou conhecer a preval\u00eancia e os fatores associados \u00e0 solid\u00e3o em adultos mais velhos e idosos residentes na comunidade durante a pandemia da COVID-19.<\/span><\/p>\n<p><span style=\"font-size: large;\">&#8220;Esse trabalho de identifica\u00e7\u00e3o dos fatores associados aos sintomas depressivos e \u00e0 solid\u00e3o pode auxiliar na elabora\u00e7\u00e3o de estrat\u00e9gias de interven\u00e7\u00e3o e na formula\u00e7\u00e3o de pol\u00edticas voltadas \u00e0 sa\u00fade mental, especialmente em um contexto p\u00f3s-pandemia&#8221;, ressalta Claudineia.<\/span><\/p>\n<p><span style=\"font-size: large;\">A dire\u00e7\u00e3o acad\u00eamica e a coordena\u00e7\u00e3o da Unifadra parabenizam a professora Claudineia Macedo pela conquista e ressaltam a import\u00e2ncia da busca cont\u00ednua do conhecimento para seu crescimento pessoal, bem como para a Institui\u00e7\u00e3o, que passa a contar no seu corpo docente com profissionais titulados, cada vez mais qualificados e sempre atualizados, contribuindo de forma significativa para o enriquecimento e o desenvolvimento do curso.<\/span><\/p>\n<p><img loading=\"lazy\" decoding=\"async\" class=\"alignnone size-full wp-image-66955\" src=\"https:\/\/jorgezanoni.com.br\/2019\/wp-content\/uploads\/2022\/07\/claud1.jpeg\" alt=\"\" width=\"500\" height=\"237\" srcset=\"https:\/\/jorgezanoni.com.br\/2019\/wp-content\/uploads\/2022\/07\/claud1.jpeg 500w, https:\/\/jorgezanoni.com.br\/2019\/wp-content\/uploads\/2022\/07\/claud1-300x142.jpeg 300w\" sizes=\"auto, (max-width: 500px) 100vw, 500px\" \/><\/p>\n<p>Fonte: Depto. de Comunica\u00e7\u00e3o da Fundec<\/p>\n","protected":false},"excerpt":{"rendered":"<p>A enfermeira e docente dos cursos de Enfermagem e de Medicina da Unifadra Dracena Profa. Claudineia Macedo fez sua apresenta\u00e7\u00e3o de defesa no dia 30 de junho e concluiu o Mestrado em Enfermagem pela Universidade Federal de Mato Grosso do Sul (UFMS). Com a disserta\u00e7\u00e3o &#8220;Sintomas depressivos e solid\u00e3o em adultos e idosos&#8221;, a docente [&hellip;]<\/p>\n","protected":false},"author":1,"featured_media":66954,"comment_status":"closed","ping_status":"open","sticky":false,"template":"","format":"standard","meta":{"footnotes":""},"categories":[110,122],"tags":[],"class_list":["post-66953","post","type-post","status-publish","format-standard","has-post-thumbnail","hentry","category-noticiasdestaque","category-saudeeducacaoeconcurso"],"_links":{"self":[{"href":"https:\/\/jorgezanoni.com.br\/2019\/wp-json\/wp\/v2\/posts\/66953","targetHints":{"allow":["GET"]}}],"collection":[{"href":"https:\/\/jorgezanoni.com.br\/2019\/wp-json\/wp\/v2\/posts"}],"about":[{"href":"https:\/\/jorgezanoni.com.br\/2019\/wp-json\/wp\/v2\/types\/post"}],"author":[{"embeddable":true,"href":"https:\/\/jorgezanoni.com.br\/2019\/wp-json\/wp\/v2\/users\/1"}],"replies":[{"embeddable":true,"href":"https:\/\/jorgezanoni.com.br\/2019\/wp-json\/wp\/v2\/comments?post=66953"}],"version-history":[{"count":1,"href":"https:\/\/jorgezanoni.com.br\/2019\/wp-json\/wp\/v2\/posts\/66953\/revisions"}],"predecessor-version":[{"id":66956,"href":"https:\/\/jorgezanoni.com.br\/2019\/wp-json\/wp\/v2\/posts\/66953\/revisions\/66956"}],"wp:featuredmedia":[{"embeddable":true,"href":"https:\/\/jorgezanoni.com.br\/2019\/wp-json\/wp\/v2\/media\/66954"}],"wp:attachment":[{"href":"https:\/\/jorgezanoni.com.br\/2019\/wp-json\/wp\/v2\/media?parent=66953"}],"wp:term":[{"taxonomy":"category","embeddable":true,"href":"https:\/\/jorgezanoni.com.br\/2019\/wp-json\/wp\/v2\/categories?post=66953"},{"taxonomy":"post_tag","embeddable":true,"href":"https:\/\/jorgezanoni.com.br\/2019\/wp-json\/wp\/v2\/tags?post=66953"}],"curies":[{"name":"wp","href":"https:\/\/api.w.org\/{rel}","templated":true}]}}