{"id":66832,"date":"2022-07-26T11:57:01","date_gmt":"2022-07-26T11:57:01","guid":{"rendered":"https:\/\/jorgezanoni.com.br\/2019\/?p=66832"},"modified":"2022-07-26T11:57:01","modified_gmt":"2022-07-26T11:57:01","slug":"hoje-e-comemorado-o-dia-dos-avos","status":"publish","type":"post","link":"https:\/\/jorgezanoni.com.br\/2019\/hoje-e-comemorado-o-dia-dos-avos\/","title":{"rendered":"Hoje \u00e9 comemorado o Dia dos Av\u00f3s"},"content":{"rendered":"<p style=\"text-align: justify;\">No\u00a0<a title=\"Brasil\" href=\"https:\/\/pt.wikipedia.org\/wiki\/Brasil\">Brasil<\/a>, em\u00a0<a title=\"Portugal\" href=\"https:\/\/pt.wikipedia.org\/wiki\/Portugal\">Portugal<\/a>\u00a0e em\u00a0<a title=\"Espanha\" href=\"https:\/\/pt.wikipedia.org\/wiki\/Espanha\">Espanha<\/a>,<sup id=\"cite_ref-1\" class=\"reference\"><a href=\"https:\/\/pt.wikipedia.org\/wiki\/Dia_dos_Av%C3%B3s#cite_note-1\">[1]<\/a><\/sup>\u00a0o\u00a0<b>Dia dos Av\u00f3s<\/b>\u00a0\u00e9 comemorado a\u00a0<a title=\"26 de julho\" href=\"https:\/\/pt.wikipedia.org\/wiki\/26_de_julho\">26 de julho<\/a>, tendo sido esta data escolhida por refer\u00eancia \u00e0 comemora\u00e7\u00e3o do dia de\u00a0<a class=\"mw-redirect\" title=\"Santa Ana\" href=\"https:\/\/pt.wikipedia.org\/wiki\/Santa_Ana\">Santa Ana<\/a>\u00a0e\u00a0<a class=\"mw-redirect\" title=\"S\u00e3o Joaquim\" href=\"https:\/\/pt.wikipedia.org\/wiki\/S%C3%A3o_Joaquim\">S\u00e3o Joaquim<\/a>, que, segundo a tradi\u00e7\u00e3o da\u00a0<a title=\"Igreja Cat\u00f3lica\" href=\"https:\/\/pt.wikipedia.org\/wiki\/Igreja_Cat%C3%B3lica\">igreja cat\u00f3lica<\/a>\u00a0e\u00a0<a title=\"Ap\u00f3crifos do Novo Testamento\" href=\"https:\/\/pt.wikipedia.org\/wiki\/Ap%C3%B3crifos_do_Novo_Testamento\">evangelhos ap\u00f3crifos<\/a><sup>[<\/sup><sup><a title=\"Wikip\u00e9dia:Livro de estilo\/Cite as fontes\" href=\"https:\/\/pt.wikipedia.org\/wiki\/Wikip%C3%A9dia:Livro_de_estilo\/Cite_as_fontes\"><span title=\"Esta afirma\u00e7\u00e3o precisa de uma refer\u00eancia para confirm\u00e1-la desde fevereiro de 2021.\"><i>carece\u00a0de fontes<\/i><\/span><\/a>]<\/sup>\u00a0seriam pais de\u00a0<a title=\"Maria (m\u00e3e de Jesus)\" href=\"https:\/\/pt.wikipedia.org\/wiki\/Maria_(m%C3%A3e_de_Jesus)\">Maria<\/a>\u00a0e portanto av\u00f3s de\u00a0<a class=\"mw-redirect\" title=\"Jesus Cristo\" href=\"https:\/\/pt.wikipedia.org\/wiki\/Jesus_Cristo\">Jesus Cristo<\/a>. Embora, nos evangelhos oficiais, que comp\u00f5em originalmente a B\u00edblia, a genealogia de Maria n\u00e3o seja descrita.<\/p>\n<p style=\"text-align: justify;\">De notar que a celebra\u00e7\u00e3o brasileira \u00e9 tida como tendo origem em Portugal, mas esta data n\u00e3o \u00e9 observada na esfera portuguesa.<sup id=\"cite_ref-2\" class=\"reference\"><a href=\"https:\/\/pt.wikipedia.org\/wiki\/Dia_dos_Av%C3%B3s#cite_note-2\">[2]<\/a><\/sup><sup id=\"cite_ref-3\" class=\"reference\"><a href=\"https:\/\/pt.wikipedia.org\/wiki\/Dia_dos_Av%C3%B3s#cite_note-3\">[3]<\/a><\/sup><sup id=\"cite_ref-4\" class=\"reference\"><a href=\"https:\/\/pt.wikipedia.org\/wiki\/Dia_dos_Av%C3%B3s#cite_note-4\">[4]<\/a><\/sup><\/p>\n<h2 style=\"text-align: justify;\"><span id=\"Hist.C3.B3ria\"><\/span><span id=\"Hist\u00f3ria\" class=\"mw-headline\">Hist\u00f3ria<\/span><\/h2>\n<p style=\"text-align: justify;\">Conta a tradi\u00e7\u00e3o cat\u00f3lica que, no\u00a0<a title=\"S\u00e9culo I a.C.\" href=\"https:\/\/pt.wikipedia.org\/wiki\/S%C3%A9culo_I_a.C.\">s\u00e9culo I a.C.<\/a>, Ana e seu marido, Joaquim, viviam em\u00a0<a title=\"Nazar\u00e9\" href=\"https:\/\/pt.wikipedia.org\/wiki\/Nazar%C3%A9\">Nazar\u00e9<\/a>\u00a0e n\u00e3o tinham filhos, mas rezavam pedindo que Deus lhes enviasse uma\u00a0<a title=\"Crian\u00e7a\" href=\"https:\/\/pt.wikipedia.org\/wiki\/Crian%C3%A7a\">crian\u00e7a<\/a>. Apesar da idade avan\u00e7ada do casal, um\u00a0<a title=\"Anjo\" href=\"https:\/\/pt.wikipedia.org\/wiki\/Anjo\">anjo<\/a>\u00a0apareceu e comunicou que Ana estava gr\u00e1vida. Essa crian\u00e7a, uma menina, teria sido batizada\u00a0<a title=\"Maria (m\u00e3e de Jesus)\" href=\"https:\/\/pt.wikipedia.org\/wiki\/Maria_(m%C3%A3e_de_Jesus)\">Maria<\/a>.<\/p>\n<p style=\"text-align: justify;\">Por esta tradi\u00e7\u00e3o, Santa Ana \u00e9 considerada a padroeira das mulheres gr\u00e1vidas e dos que desejam ter filhos. Ana teria morrido quando Maria tinha apenas tr\u00eas anos. Na cren\u00e7a crist\u00e3, Maria foi depois escolhida, no in\u00edcio da puberdade, para ser m\u00e3e de\u00a0<a class=\"mw-redirect\" title=\"Jesus Cristo\" href=\"https:\/\/pt.wikipedia.org\/wiki\/Jesus_Cristo\">Jesus Cristo<\/a>.<\/p>\n<p style=\"text-align: justify;\">Para alguns crentes da religi\u00e3o crist\u00e3, S\u00e3o Joaquim e Santa Ana s\u00e3o os padroeiros dos av\u00f3s e av\u00f4s.<sup id=\"cite_ref-5\" class=\"reference\"><a href=\"https:\/\/pt.wikipedia.org\/wiki\/Dia_dos_Av%C3%B3s#cite_note-5\">[5]<\/a><\/sup><\/p>\n<p style=\"text-align: justify;\">Fonte: https:\/\/pt.wikipedia.org\/wiki\/Dia_dos_Av%C3%B3s<\/p>\n","protected":false},"excerpt":{"rendered":"<p>No\u00a0Brasil, em\u00a0Portugal\u00a0e em\u00a0Espanha,[1]\u00a0o\u00a0Dia dos Av\u00f3s\u00a0\u00e9 comemorado a\u00a026 de julho, tendo sido esta data escolhida por refer\u00eancia \u00e0 comemora\u00e7\u00e3o do dia de\u00a0Santa Ana\u00a0e\u00a0S\u00e3o Joaquim, que, segundo a tradi\u00e7\u00e3o da\u00a0igreja cat\u00f3lica\u00a0e\u00a0evangelhos ap\u00f3crifos[carece\u00a0de fontes]\u00a0seriam pais de\u00a0Maria\u00a0e portanto av\u00f3s de\u00a0Jesus Cristo. Embora, nos evangelhos oficiais, que comp\u00f5em originalmente a B\u00edblia, a genealogia de Maria n\u00e3o seja descrita. De notar [&hellip;]<\/p>\n","protected":false},"author":1,"featured_media":66833,"comment_status":"closed","ping_status":"open","sticky":false,"template":"","format":"standard","meta":{"footnotes":""},"categories":[114,110],"tags":[],"class_list":["post-66832","post","type-post","status-publish","format-standard","has-post-thumbnail","hentry","category-geralecomercio","category-noticiasdestaque"],"_links":{"self":[{"href":"https:\/\/jorgezanoni.com.br\/2019\/wp-json\/wp\/v2\/posts\/66832","targetHints":{"allow":["GET"]}}],"collection":[{"href":"https:\/\/jorgezanoni.com.br\/2019\/wp-json\/wp\/v2\/posts"}],"about":[{"href":"https:\/\/jorgezanoni.com.br\/2019\/wp-json\/wp\/v2\/types\/post"}],"author":[{"embeddable":true,"href":"https:\/\/jorgezanoni.com.br\/2019\/wp-json\/wp\/v2\/users\/1"}],"replies":[{"embeddable":true,"href":"https:\/\/jorgezanoni.com.br\/2019\/wp-json\/wp\/v2\/comments?post=66832"}],"version-history":[{"count":1,"href":"https:\/\/jorgezanoni.com.br\/2019\/wp-json\/wp\/v2\/posts\/66832\/revisions"}],"predecessor-version":[{"id":66834,"href":"https:\/\/jorgezanoni.com.br\/2019\/wp-json\/wp\/v2\/posts\/66832\/revisions\/66834"}],"wp:featuredmedia":[{"embeddable":true,"href":"https:\/\/jorgezanoni.com.br\/2019\/wp-json\/wp\/v2\/media\/66833"}],"wp:attachment":[{"href":"https:\/\/jorgezanoni.com.br\/2019\/wp-json\/wp\/v2\/media?parent=66832"}],"wp:term":[{"taxonomy":"category","embeddable":true,"href":"https:\/\/jorgezanoni.com.br\/2019\/wp-json\/wp\/v2\/categories?post=66832"},{"taxonomy":"post_tag","embeddable":true,"href":"https:\/\/jorgezanoni.com.br\/2019\/wp-json\/wp\/v2\/tags?post=66832"}],"curies":[{"name":"wp","href":"https:\/\/api.w.org\/{rel}","templated":true}]}}