{"id":66816,"date":"2022-07-25T22:08:14","date_gmt":"2022-07-25T22:08:14","guid":{"rendered":"https:\/\/jorgezanoni.com.br\/2019\/?p=66816"},"modified":"2022-07-25T22:30:23","modified_gmt":"2022-07-25T22:30:23","slug":"mulher-cai-de-predio-em-presidente-prudente-e-morre-no-local","status":"publish","type":"post","link":"https:\/\/jorgezanoni.com.br\/2019\/mulher-cai-de-predio-em-presidente-prudente-e-morre-no-local\/","title":{"rendered":"Mulher cai de pr\u00e9dio em Presidente Prudente e morre no local"},"content":{"rendered":"<div dir=\"auto\" style=\"text-align: justify;\"><strong>No final da manh\u00e3 desta segunda-feira (25), uma mulher caiu de um pr\u00e9dio onde funciona um Hotel na \u00e1rea central de Presidente Prudente.<\/strong><\/div>\n<div dir=\"auto\" style=\"text-align: justify;\"><\/div>\n<div dir=\"auto\" style=\"text-align: justify;\">Ela sofreu v\u00e1rias fraturas expostas e faleceu no local. N\u00e3o se sabe ao certo de qual andar ocorreu a queda, se do 3\u00ba ou 7\u00ba andar.<\/div>\n<div dir=\"auto\" style=\"text-align: justify;\"><\/div>\n<div dir=\"auto\" style=\"text-align: justify;\">As informa\u00e7\u00f5es a serem confirmadas \u00e9 que o fato aconteceu logo depois ela ter dado entrada no local como h\u00f3spede.<\/div>\n<div dir=\"auto\" style=\"text-align: justify;\"><\/div>\n<div dir=\"auto\" style=\"text-align: justify;\">A Pol\u00edcia Civil assumiu o caso e vai apurar se foi uma queda acidental ou suic\u00eddio.<\/div>\n<div dir=\"auto\" style=\"text-align: justify;\"><\/div>\n<div dir=\"auto\" style=\"text-align: justify;\">Fonte:https:\/\/www.facebook.com\/Chamada-Geral-357192275004901<\/div>\n","protected":false},"excerpt":{"rendered":"<p>No final da manh\u00e3 desta segunda-feira (25), uma mulher caiu de um pr\u00e9dio onde funciona um Hotel na \u00e1rea central de Presidente Prudente. Ela sofreu v\u00e1rias fraturas expostas e faleceu no local. N\u00e3o se sabe ao certo de qual andar ocorreu a queda, se do 3\u00ba ou 7\u00ba andar. As informa\u00e7\u00f5es a serem confirmadas \u00e9 [&hellip;]<\/p>\n","protected":false},"author":1,"featured_media":66817,"comment_status":"closed","ping_status":"open","sticky":false,"template":"","format":"standard","meta":{"footnotes":""},"categories":[110,2],"tags":[],"class_list":["post-66816","post","type-post","status-publish","format-standard","has-post-thumbnail","hentry","category-noticiasdestaque","category-policial"],"_links":{"self":[{"href":"https:\/\/jorgezanoni.com.br\/2019\/wp-json\/wp\/v2\/posts\/66816","targetHints":{"allow":["GET"]}}],"collection":[{"href":"https:\/\/jorgezanoni.com.br\/2019\/wp-json\/wp\/v2\/posts"}],"about":[{"href":"https:\/\/jorgezanoni.com.br\/2019\/wp-json\/wp\/v2\/types\/post"}],"author":[{"embeddable":true,"href":"https:\/\/jorgezanoni.com.br\/2019\/wp-json\/wp\/v2\/users\/1"}],"replies":[{"embeddable":true,"href":"https:\/\/jorgezanoni.com.br\/2019\/wp-json\/wp\/v2\/comments?post=66816"}],"version-history":[{"count":3,"href":"https:\/\/jorgezanoni.com.br\/2019\/wp-json\/wp\/v2\/posts\/66816\/revisions"}],"predecessor-version":[{"id":66820,"href":"https:\/\/jorgezanoni.com.br\/2019\/wp-json\/wp\/v2\/posts\/66816\/revisions\/66820"}],"wp:featuredmedia":[{"embeddable":true,"href":"https:\/\/jorgezanoni.com.br\/2019\/wp-json\/wp\/v2\/media\/66817"}],"wp:attachment":[{"href":"https:\/\/jorgezanoni.com.br\/2019\/wp-json\/wp\/v2\/media?parent=66816"}],"wp:term":[{"taxonomy":"category","embeddable":true,"href":"https:\/\/jorgezanoni.com.br\/2019\/wp-json\/wp\/v2\/categories?post=66816"},{"taxonomy":"post_tag","embeddable":true,"href":"https:\/\/jorgezanoni.com.br\/2019\/wp-json\/wp\/v2\/tags?post=66816"}],"curies":[{"name":"wp","href":"https:\/\/api.w.org\/{rel}","templated":true}]}}