{"id":66813,"date":"2022-07-25T21:35:14","date_gmt":"2022-07-25T21:35:14","guid":{"rendered":"https:\/\/jorgezanoni.com.br\/2019\/?p=66813"},"modified":"2022-07-25T21:35:14","modified_gmt":"2022-07-25T21:35:14","slug":"vunesp-divulga-o-resultado-do-vestibular-de-medicina-da-unifadra-dracena","status":"publish","type":"post","link":"https:\/\/jorgezanoni.com.br\/2019\/vunesp-divulga-o-resultado-do-vestibular-de-medicina-da-unifadra-dracena\/","title":{"rendered":"Vunesp divulga o resultado do Vestibular de Medicina da Unifadra Dracena"},"content":{"rendered":"<p style=\"text-align: justify;\"><i><strong><span style=\"font-size: large;\">Matr\u00edculas para os aprovados ser\u00e3o realizadas nos dias 26 e 27 de julho.<\/span><\/strong><br \/>\n<\/i><br \/>\n<span style=\"font-size: large;\">Foi divulgado hoje (25), pela Funda\u00e7\u00e3o Vunesp, o resultado do Vestibular de Medicina da Unifadra Dracena. Os candidatos podem acessar suas notas e classifica\u00e7\u00f5es utilizando login e senha no site\u00a0<a href=\"https:\/\/www.vunesp.com.br\/FDEC2201\" target=\"_blank\" rel=\"noopener noreferrer\">https:\/\/www.vunesp.com.br\/FDEC2201<\/a>\u00a0.<\/span><\/p>\n<p><span style=\"font-size: large;\">J\u00e1 nos dias 26 e 27 de julho ser\u00e3o realizadas as matr\u00edculas dos aprovados da 1\u00aa chamada. A rela\u00e7\u00e3o dos documentos necess\u00e1rios est\u00e1 dispon\u00edvel no edital do vestibular. A turma inicia o ano letivo em 2023.<\/span><\/p>\n<p><span style=\"font-size: large;\"><b>Mais informa\u00e7\u00f5es<\/b>: Secretaria Geral da Fundec<\/span><br \/>\n<span style=\"font-size: large;\">(18) 3821-9009 \/ (18) 99634-0383 (WhatsApp)<\/span><\/p>\n<p><span style=\"font-size: large;\">CALEND\u00c1RIO DE CONVOCA\u00c7\u00c3O E MATR\u00cdCULA<\/span><br \/>\n<span style=\"font-size: large;\">MEDICINA &#8211; VESTIBULAR DE INVERNO (TURMA 2023)<\/span><br \/>\n<span style=\"font-size: large;\">25\/07 &#8211; Divulga\u00e7\u00e3o da lista geral de classifica\u00e7\u00e3o<\/span><br \/>\n<b><span style=\"font-size: large;\">26 a 27\/07 &#8211; Matr\u00edcula (1\u00aa chamada), das 8h30\u00a0<\/span>\u00e0s 11h30<span style=\"font-size: large;\">\u00a0e das 14h \u00e0s 16h30<\/span><br \/>\n<\/b><span style=\"font-size: large;\">28\/07 &#8211; Divulga\u00e7\u00e3o da 2\u00aa lista de chamada<\/span><br \/>\n<span style=\"font-size: large;\">29\/07 e 01\/08 &#8211; Matr\u00edcula (2\u00aa chamada), das 8h30 \u00e0s 11h30 e das 14h \u00e0s 16h30<\/span><\/p>\n<p>Fonte: Depto. de Comunica\u00e7\u00e3o da FUNDEC<\/p>\n","protected":false},"excerpt":{"rendered":"<p>Matr\u00edculas para os aprovados ser\u00e3o realizadas nos dias 26 e 27 de julho. Foi divulgado hoje (25), pela Funda\u00e7\u00e3o Vunesp, o resultado do Vestibular de Medicina da Unifadra Dracena. Os candidatos podem acessar suas notas e classifica\u00e7\u00f5es utilizando login e senha no site\u00a0https:\/\/www.vunesp.com.br\/FDEC2201\u00a0. J\u00e1 nos dias 26 e 27 de julho ser\u00e3o realizadas as matr\u00edculas [&hellip;]<\/p>\n","protected":false},"author":1,"featured_media":66814,"comment_status":"closed","ping_status":"open","sticky":false,"template":"","format":"standard","meta":{"footnotes":""},"categories":[110,118],"tags":[],"class_list":["post-66813","post","type-post","status-publish","format-standard","has-post-thumbnail","hentry","category-noticiasdestaque","category-religiaoesolidariedade"],"_links":{"self":[{"href":"https:\/\/jorgezanoni.com.br\/2019\/wp-json\/wp\/v2\/posts\/66813","targetHints":{"allow":["GET"]}}],"collection":[{"href":"https:\/\/jorgezanoni.com.br\/2019\/wp-json\/wp\/v2\/posts"}],"about":[{"href":"https:\/\/jorgezanoni.com.br\/2019\/wp-json\/wp\/v2\/types\/post"}],"author":[{"embeddable":true,"href":"https:\/\/jorgezanoni.com.br\/2019\/wp-json\/wp\/v2\/users\/1"}],"replies":[{"embeddable":true,"href":"https:\/\/jorgezanoni.com.br\/2019\/wp-json\/wp\/v2\/comments?post=66813"}],"version-history":[{"count":1,"href":"https:\/\/jorgezanoni.com.br\/2019\/wp-json\/wp\/v2\/posts\/66813\/revisions"}],"predecessor-version":[{"id":66815,"href":"https:\/\/jorgezanoni.com.br\/2019\/wp-json\/wp\/v2\/posts\/66813\/revisions\/66815"}],"wp:featuredmedia":[{"embeddable":true,"href":"https:\/\/jorgezanoni.com.br\/2019\/wp-json\/wp\/v2\/media\/66814"}],"wp:attachment":[{"href":"https:\/\/jorgezanoni.com.br\/2019\/wp-json\/wp\/v2\/media?parent=66813"}],"wp:term":[{"taxonomy":"category","embeddable":true,"href":"https:\/\/jorgezanoni.com.br\/2019\/wp-json\/wp\/v2\/categories?post=66813"},{"taxonomy":"post_tag","embeddable":true,"href":"https:\/\/jorgezanoni.com.br\/2019\/wp-json\/wp\/v2\/tags?post=66813"}],"curies":[{"name":"wp","href":"https:\/\/api.w.org\/{rel}","templated":true}]}}