{"id":66810,"date":"2022-07-25T16:26:02","date_gmt":"2022-07-25T16:26:02","guid":{"rendered":"https:\/\/jorgezanoni.com.br\/2019\/?p=66810"},"modified":"2022-07-25T16:26:02","modified_gmt":"2022-07-25T16:26:02","slug":"policia-militar-captura-procurado-da-justica-em-dracena-3","status":"publish","type":"post","link":"https:\/\/jorgezanoni.com.br\/2019\/policia-militar-captura-procurado-da-justica-em-dracena-3\/","title":{"rendered":"Pol\u00edcia Militar captura procurado da justi\u00e7a em Dracena"},"content":{"rendered":"<p style=\"text-align: justify;\">NA DATA DE HOJE (25) POR VOLTA DAS 11H20MIN A EQUIPE DE FOR\u00c7A T\u00c1TICA EM PATRULHAMENTO PELO MUNIC\u00cdPIO DE DRACENA, ABORDOU O INDIV\u00cdDUO ( HOMEM 49 ANOS) ONDE AP\u00d3S PESQUISAS FICOU CONSTATADO SER FORAGIDO DO PENITENCI\u00c1RIA DE MIRANDOPOLIS PELO CRIME DE FURTO.<br \/>\nDIANTE DO EXPOSTO FOI CONDUZIDO AO PLANT\u00c3O POLICIAL DE DRACENA ONDE PERMANECEU PRESO \u00c0 DISPOSI\u00c7\u00c3O DA JUSTI\u00c7A.<\/p>\n<p>Fonte: Com. Pol\u00edcia Militar<\/p>\n","protected":false},"excerpt":{"rendered":"<p>NA DATA DE HOJE (25) POR VOLTA DAS 11H20MIN A EQUIPE DE FOR\u00c7A T\u00c1TICA EM PATRULHAMENTO PELO MUNIC\u00cdPIO DE DRACENA, ABORDOU O INDIV\u00cdDUO ( HOMEM 49 ANOS) ONDE AP\u00d3S PESQUISAS FICOU CONSTATADO SER FORAGIDO DO PENITENCI\u00c1RIA DE MIRANDOPOLIS PELO CRIME DE FURTO. DIANTE DO EXPOSTO FOI CONDUZIDO AO PLANT\u00c3O POLICIAL DE DRACENA ONDE PERMANECEU PRESO [&hellip;]<\/p>\n","protected":false},"author":1,"featured_media":66811,"comment_status":"closed","ping_status":"open","sticky":false,"template":"","format":"standard","meta":{"footnotes":""},"categories":[110,2],"tags":[],"class_list":["post-66810","post","type-post","status-publish","format-standard","has-post-thumbnail","hentry","category-noticiasdestaque","category-policial"],"_links":{"self":[{"href":"https:\/\/jorgezanoni.com.br\/2019\/wp-json\/wp\/v2\/posts\/66810","targetHints":{"allow":["GET"]}}],"collection":[{"href":"https:\/\/jorgezanoni.com.br\/2019\/wp-json\/wp\/v2\/posts"}],"about":[{"href":"https:\/\/jorgezanoni.com.br\/2019\/wp-json\/wp\/v2\/types\/post"}],"author":[{"embeddable":true,"href":"https:\/\/jorgezanoni.com.br\/2019\/wp-json\/wp\/v2\/users\/1"}],"replies":[{"embeddable":true,"href":"https:\/\/jorgezanoni.com.br\/2019\/wp-json\/wp\/v2\/comments?post=66810"}],"version-history":[{"count":1,"href":"https:\/\/jorgezanoni.com.br\/2019\/wp-json\/wp\/v2\/posts\/66810\/revisions"}],"predecessor-version":[{"id":66812,"href":"https:\/\/jorgezanoni.com.br\/2019\/wp-json\/wp\/v2\/posts\/66810\/revisions\/66812"}],"wp:featuredmedia":[{"embeddable":true,"href":"https:\/\/jorgezanoni.com.br\/2019\/wp-json\/wp\/v2\/media\/66811"}],"wp:attachment":[{"href":"https:\/\/jorgezanoni.com.br\/2019\/wp-json\/wp\/v2\/media?parent=66810"}],"wp:term":[{"taxonomy":"category","embeddable":true,"href":"https:\/\/jorgezanoni.com.br\/2019\/wp-json\/wp\/v2\/categories?post=66810"},{"taxonomy":"post_tag","embeddable":true,"href":"https:\/\/jorgezanoni.com.br\/2019\/wp-json\/wp\/v2\/tags?post=66810"}],"curies":[{"name":"wp","href":"https:\/\/api.w.org\/{rel}","templated":true}]}}