{"id":66806,"date":"2022-07-25T16:18:20","date_gmt":"2022-07-25T16:18:20","guid":{"rendered":"https:\/\/jorgezanoni.com.br\/2019\/?p=66806"},"modified":"2022-07-25T16:18:20","modified_gmt":"2022-07-25T16:18:20","slug":"encapuzados-invadem-chacara-em-dracena-e-fazem-casal-refem-mantem-relacao-sexual-a-forca-e-roubam","status":"publish","type":"post","link":"https:\/\/jorgezanoni.com.br\/2019\/encapuzados-invadem-chacara-em-dracena-e-fazem-casal-refem-mantem-relacao-sexual-a-forca-e-roubam\/","title":{"rendered":"Encapuzados invadem ch\u00e1cara em Dracena e fazem casal ref\u00e9m, mant\u00e9m rela\u00e7\u00e3o sexual \u00e0 for\u00e7a e roubam"},"content":{"rendered":"<p style=\"text-align: justify;\">Na data de 22\/07 por volta das 8h30min a equipe da Pol\u00edcia Militar em Dracena foi acionada para atendimento de ocorr\u00eancia de roubo em um propriedade rural pelo Jardim Palmeiras onde as v\u00edtimas (caseiros do local) informaram que por volta das 2h da manh\u00e3 dois indiv\u00edduos encapuzados e armado com barra de ferro arrombaram a porta de uma resid\u00eancia na zona rural onde as v\u00edtimas estavam dormindo e anunciaram um roubo e sendo mantido as v\u00edtimas (homem 58 anos e mulher 59 anos) em c\u00e1rcere privado, ap\u00f3s manter rela\u00e7\u00e3o sexual \u00e0 for\u00e7a e agredir lhe as pernas com a barra de ferro.<br \/>\nOs indiciados indagaram sobre armas de fogo e diante da negativa levaram dinheiro ( n\u00e3o sabendo as v\u00edtimas precisarem o valor devido forte abalo emocional) e dois celulares e se evadiram, amea\u00e7ando as v\u00edtimas caso gritassem.<br \/>\nFoi acionada a equipe do Resgate que conduziu as v\u00edtimas ao Pronto Socorro Municipal e dados transmitidos ap\u00f3s a Pol\u00edcia Judici\u00e1ria sendo elaborado BOPC de roubo\/c\u00e1rcere privado e estupro.<br \/>\nDurante a elabora\u00e7\u00e3o da ocorr\u00eancia a equipe foi informada que os indiciados teriam tentando roubar anteriormente o s\u00edtio vizinho , chegando a danificar a janela mas os moradores gritaram pela Pol\u00edcia.<br \/>\nA Pol\u00edcia Militar foi acionada pelo propriet\u00e1rio do local quando chegou pela manh\u00e3 na propriedade.<br \/>\nFoi realizado dilig\u00eancias mas n\u00e3o foi logrado \u00eaxito em localiza\u00e7\u00e3o.<\/p>\n<p style=\"text-align: justify;\">Fonte: Com. Social Pol\u00edcia Militar<\/p>\n<p>Foto Ilustrativa<\/p>\n","protected":false},"excerpt":{"rendered":"<p>Na data de 22\/07 por volta das 8h30min a equipe da Pol\u00edcia Militar em Dracena foi acionada para atendimento de ocorr\u00eancia de roubo em um propriedade rural pelo Jardim Palmeiras onde as v\u00edtimas (caseiros do local) informaram que por volta das 2h da manh\u00e3 dois indiv\u00edduos encapuzados e armado com barra de ferro arrombaram a [&hellip;]<\/p>\n","protected":false},"author":1,"featured_media":66807,"comment_status":"closed","ping_status":"open","sticky":false,"template":"","format":"standard","meta":{"footnotes":""},"categories":[110,2],"tags":[],"class_list":["post-66806","post","type-post","status-publish","format-standard","has-post-thumbnail","hentry","category-noticiasdestaque","category-policial"],"_links":{"self":[{"href":"https:\/\/jorgezanoni.com.br\/2019\/wp-json\/wp\/v2\/posts\/66806","targetHints":{"allow":["GET"]}}],"collection":[{"href":"https:\/\/jorgezanoni.com.br\/2019\/wp-json\/wp\/v2\/posts"}],"about":[{"href":"https:\/\/jorgezanoni.com.br\/2019\/wp-json\/wp\/v2\/types\/post"}],"author":[{"embeddable":true,"href":"https:\/\/jorgezanoni.com.br\/2019\/wp-json\/wp\/v2\/users\/1"}],"replies":[{"embeddable":true,"href":"https:\/\/jorgezanoni.com.br\/2019\/wp-json\/wp\/v2\/comments?post=66806"}],"version-history":[{"count":1,"href":"https:\/\/jorgezanoni.com.br\/2019\/wp-json\/wp\/v2\/posts\/66806\/revisions"}],"predecessor-version":[{"id":66809,"href":"https:\/\/jorgezanoni.com.br\/2019\/wp-json\/wp\/v2\/posts\/66806\/revisions\/66809"}],"wp:featuredmedia":[{"embeddable":true,"href":"https:\/\/jorgezanoni.com.br\/2019\/wp-json\/wp\/v2\/media\/66807"}],"wp:attachment":[{"href":"https:\/\/jorgezanoni.com.br\/2019\/wp-json\/wp\/v2\/media?parent=66806"}],"wp:term":[{"taxonomy":"category","embeddable":true,"href":"https:\/\/jorgezanoni.com.br\/2019\/wp-json\/wp\/v2\/categories?post=66806"},{"taxonomy":"post_tag","embeddable":true,"href":"https:\/\/jorgezanoni.com.br\/2019\/wp-json\/wp\/v2\/tags?post=66806"}],"curies":[{"name":"wp","href":"https:\/\/api.w.org\/{rel}","templated":true}]}}