{"id":66770,"date":"2022-07-25T00:46:25","date_gmt":"2022-07-25T00:46:25","guid":{"rendered":"https:\/\/jorgezanoni.com.br\/2019\/?p=66770"},"modified":"2022-07-25T00:46:25","modified_gmt":"2022-07-25T00:46:25","slug":"com-varios-predios-em-construcao-dracena-tambem-cresce-na-vertical","status":"publish","type":"post","link":"https:\/\/jorgezanoni.com.br\/2019\/com-varios-predios-em-construcao-dracena-tambem-cresce-na-vertical\/","title":{"rendered":"Com v\u00e1rios pr\u00e9dios em constru\u00e7\u00e3o, Dracena tamb\u00e9m cresce na vertical"},"content":{"rendered":"<p style=\"text-align: justify;\">No decorrer das \u00faltimas semanas, o Site JZ tem mostrado em V\u00eddeos, a quantidade de novos loteamentos em diversos pontos de Dracena, por todos os setores da cidade.<\/p>\n<p style=\"text-align: justify;\">O slogan das mat\u00e9rias \u00e9 &#8220;A Dracena que voc\u00ea n\u00e3o conhece), sendo que podem ser conferidos em nosso Face https:\/\/www.facebook.com\/jorgeluizzanoni\/ ou na p\u00e1gina https:\/\/www.facebook.com\/jorgezanonidracena\/<\/p>\n<p>Agora estamos mostrando em fotos os novos pr\u00e9dios que est\u00e3o sendo constru\u00eddos, tamb\u00e9m em diversos pontos, confira:<\/p>\n<p><img loading=\"lazy\" decoding=\"async\" class=\"alignnone size-full wp-image-66771\" src=\"https:\/\/jorgezanoni.com.br\/2019\/wp-content\/uploads\/2022\/07\/IMG_7601.jpg\" alt=\"\" width=\"500\" height=\"375\" srcset=\"https:\/\/jorgezanoni.com.br\/2019\/wp-content\/uploads\/2022\/07\/IMG_7601.jpg 500w, https:\/\/jorgezanoni.com.br\/2019\/wp-content\/uploads\/2022\/07\/IMG_7601-300x225.jpg 300w, https:\/\/jorgezanoni.com.br\/2019\/wp-content\/uploads\/2022\/07\/IMG_7601-80x60.jpg 80w, https:\/\/jorgezanoni.com.br\/2019\/wp-content\/uploads\/2022\/07\/IMG_7601-265x198.jpg 265w\" sizes=\"auto, (max-width: 500px) 100vw, 500px\" \/><img loading=\"lazy\" decoding=\"async\" class=\"alignnone size-full wp-image-66772\" src=\"https:\/\/jorgezanoni.com.br\/2019\/wp-content\/uploads\/2022\/07\/IMG_7602-2.jpg\" alt=\"\" width=\"427\" height=\"226\" srcset=\"https:\/\/jorgezanoni.com.br\/2019\/wp-content\/uploads\/2022\/07\/IMG_7602-2.jpg 427w, https:\/\/jorgezanoni.com.br\/2019\/wp-content\/uploads\/2022\/07\/IMG_7602-2-300x159.jpg 300w\" sizes=\"auto, (max-width: 427px) 100vw, 427px\" \/>Rua Tiradentes, entre as Ruas Dom Pedro e Maracaj\u00fa. (antiga Coimma)<\/p>\n<p><img loading=\"lazy\" decoding=\"async\" class=\"alignnone size-full wp-image-66773\" src=\"https:\/\/jorgezanoni.com.br\/2019\/wp-content\/uploads\/2022\/07\/IMG_7604-2.jpg\" alt=\"\" width=\"490\" height=\"310\" srcset=\"https:\/\/jorgezanoni.com.br\/2019\/wp-content\/uploads\/2022\/07\/IMG_7604-2.jpg 490w, https:\/\/jorgezanoni.com.br\/2019\/wp-content\/uploads\/2022\/07\/IMG_7604-2-300x190.jpg 300w\" sizes=\"auto, (max-width: 490px) 100vw, 490px\" \/>Avenida Alcides Chacon Couto, em frente a Fundec\/Unifadra.<\/p>\n<p><img loading=\"lazy\" decoding=\"async\" class=\"alignnone size-full wp-image-66777\" src=\"https:\/\/jorgezanoni.com.br\/2019\/wp-content\/uploads\/2022\/07\/IMG_7610-2.jpg\" alt=\"\" width=\"447\" height=\"257\" srcset=\"https:\/\/jorgezanoni.com.br\/2019\/wp-content\/uploads\/2022\/07\/IMG_7610-2.jpg 447w, https:\/\/jorgezanoni.com.br\/2019\/wp-content\/uploads\/2022\/07\/IMG_7610-2-300x172.jpg 300w\" sizes=\"auto, (max-width: 447px) 100vw, 447px\" \/><img loading=\"lazy\" decoding=\"async\" class=\"alignnone size-full wp-image-66774\" src=\"https:\/\/jorgezanoni.com.br\/2019\/wp-content\/uploads\/2022\/07\/IMG_7606-2.jpg\" alt=\"\" width=\"431\" height=\"258\" srcset=\"https:\/\/jorgezanoni.com.br\/2019\/wp-content\/uploads\/2022\/07\/IMG_7606-2.jpg 431w, https:\/\/jorgezanoni.com.br\/2019\/wp-content\/uploads\/2022\/07\/IMG_7606-2-300x180.jpg 300w\" sizes=\"auto, (max-width: 431px) 100vw, 431px\" \/>Entrada da Avenida S\u00e3o Crist\u00f3v\u00e3o esquina com a Rua Fortaleza. (atr\u00e1s da Fapidra).<\/p>\n<p><img loading=\"lazy\" decoding=\"async\" class=\"alignnone size-full wp-image-66776\" src=\"https:\/\/jorgezanoni.com.br\/2019\/wp-content\/uploads\/2022\/07\/IMG_7608-2.jpg\" alt=\"\" width=\"314\" height=\"354\" srcset=\"https:\/\/jorgezanoni.com.br\/2019\/wp-content\/uploads\/2022\/07\/IMG_7608-2.jpg 314w, https:\/\/jorgezanoni.com.br\/2019\/wp-content\/uploads\/2022\/07\/IMG_7608-2-266x300.jpg 266w\" sizes=\"auto, (max-width: 314px) 100vw, 314px\" \/><img loading=\"lazy\" decoding=\"async\" class=\"alignnone size-full wp-image-66775\" src=\"https:\/\/jorgezanoni.com.br\/2019\/wp-content\/uploads\/2022\/07\/IMG_7607-2.jpg\" alt=\"\" width=\"594\" height=\"443\" srcset=\"https:\/\/jorgezanoni.com.br\/2019\/wp-content\/uploads\/2022\/07\/IMG_7607-2.jpg 594w, https:\/\/jorgezanoni.com.br\/2019\/wp-content\/uploads\/2022\/07\/IMG_7607-2-300x224.jpg 300w, https:\/\/jorgezanoni.com.br\/2019\/wp-content\/uploads\/2022\/07\/IMG_7607-2-80x60.jpg 80w, https:\/\/jorgezanoni.com.br\/2019\/wp-content\/uploads\/2022\/07\/IMG_7607-2-265x198.jpg 265w, https:\/\/jorgezanoni.com.br\/2019\/wp-content\/uploads\/2022\/07\/IMG_7607-2-563x420.jpg 563w\" sizes=\"auto, (max-width: 594px) 100vw, 594px\" \/>Jardim Campo Belo. (entre os Bairros S\u00e3o Crist\u00f3v\u00e3o e Jardim das Palmeiras IV), em frente a UBS do Bairro.<\/p>\n<p><img loading=\"lazy\" decoding=\"async\" class=\"alignnone size-full wp-image-66781\" src=\"https:\/\/jorgezanoni.com.br\/2019\/wp-content\/uploads\/2022\/07\/IMG_7707-2-1.jpg\" alt=\"\" width=\"225\" height=\"327\" srcset=\"https:\/\/jorgezanoni.com.br\/2019\/wp-content\/uploads\/2022\/07\/IMG_7707-2-1.jpg 225w, https:\/\/jorgezanoni.com.br\/2019\/wp-content\/uploads\/2022\/07\/IMG_7707-2-1-206x300.jpg 206w\" sizes=\"auto, (max-width: 225px) 100vw, 225px\" \/><img loading=\"lazy\" decoding=\"async\" class=\"alignnone size-full wp-image-66780\" src=\"https:\/\/jorgezanoni.com.br\/2019\/wp-content\/uploads\/2022\/07\/IMG_7706-2-1.jpg\" alt=\"\" width=\"425\" height=\"645\" srcset=\"https:\/\/jorgezanoni.com.br\/2019\/wp-content\/uploads\/2022\/07\/IMG_7706-2-1.jpg 425w, https:\/\/jorgezanoni.com.br\/2019\/wp-content\/uploads\/2022\/07\/IMG_7706-2-1-198x300.jpg 198w, https:\/\/jorgezanoni.com.br\/2019\/wp-content\/uploads\/2022\/07\/IMG_7706-2-1-277x420.jpg 277w\" sizes=\"auto, (max-width: 425px) 100vw, 425px\" \/>Avenida Presidente Roosevelt, esquina com a Rua Almirante Barroso, no Bairro S\u00e3o Francisco. (em frente ao Supermercado Troyano).<\/p>\n<p>Jorge Zanoni<\/p>\n","protected":false},"excerpt":{"rendered":"<p>No decorrer das \u00faltimas semanas, o Site JZ tem mostrado em V\u00eddeos, a quantidade de novos loteamentos em diversos pontos de Dracena, por todos os setores da cidade. O slogan das mat\u00e9rias \u00e9 &#8220;A Dracena que voc\u00ea n\u00e3o conhece), sendo que podem ser conferidos em nosso Face https:\/\/www.facebook.com\/jorgeluizzanoni\/ ou na p\u00e1gina https:\/\/www.facebook.com\/jorgezanonidracena\/ Agora estamos mostrando [&hellip;]<\/p>\n","protected":false},"author":1,"featured_media":66778,"comment_status":"closed","ping_status":"open","sticky":false,"template":"","format":"standard","meta":{"footnotes":""},"categories":[179,184,110],"tags":[],"class_list":["post-66770","post","type-post","status-publish","format-standard","has-post-thumbnail","hentry","category-cidadeseregiao","category-dracena","category-noticiasdestaque"],"_links":{"self":[{"href":"https:\/\/jorgezanoni.com.br\/2019\/wp-json\/wp\/v2\/posts\/66770","targetHints":{"allow":["GET"]}}],"collection":[{"href":"https:\/\/jorgezanoni.com.br\/2019\/wp-json\/wp\/v2\/posts"}],"about":[{"href":"https:\/\/jorgezanoni.com.br\/2019\/wp-json\/wp\/v2\/types\/post"}],"author":[{"embeddable":true,"href":"https:\/\/jorgezanoni.com.br\/2019\/wp-json\/wp\/v2\/users\/1"}],"replies":[{"embeddable":true,"href":"https:\/\/jorgezanoni.com.br\/2019\/wp-json\/wp\/v2\/comments?post=66770"}],"version-history":[{"count":1,"href":"https:\/\/jorgezanoni.com.br\/2019\/wp-json\/wp\/v2\/posts\/66770\/revisions"}],"predecessor-version":[{"id":66783,"href":"https:\/\/jorgezanoni.com.br\/2019\/wp-json\/wp\/v2\/posts\/66770\/revisions\/66783"}],"wp:featuredmedia":[{"embeddable":true,"href":"https:\/\/jorgezanoni.com.br\/2019\/wp-json\/wp\/v2\/media\/66778"}],"wp:attachment":[{"href":"https:\/\/jorgezanoni.com.br\/2019\/wp-json\/wp\/v2\/media?parent=66770"}],"wp:term":[{"taxonomy":"category","embeddable":true,"href":"https:\/\/jorgezanoni.com.br\/2019\/wp-json\/wp\/v2\/categories?post=66770"},{"taxonomy":"post_tag","embeddable":true,"href":"https:\/\/jorgezanoni.com.br\/2019\/wp-json\/wp\/v2\/tags?post=66770"}],"curies":[{"name":"wp","href":"https:\/\/api.w.org\/{rel}","templated":true}]}}