{"id":66763,"date":"2022-07-24T23:50:41","date_gmt":"2022-07-24T23:50:41","guid":{"rendered":"https:\/\/jorgezanoni.com.br\/2019\/?p=66763"},"modified":"2022-07-24T23:50:41","modified_gmt":"2022-07-24T23:50:41","slug":"paredes-do-antigo-cafe-brasileiro-estao-sendo-demolidas","status":"publish","type":"post","link":"https:\/\/jorgezanoni.com.br\/2019\/paredes-do-antigo-cafe-brasileiro-estao-sendo-demolidas\/","title":{"rendered":"Paredes do antigo Caf\u00e9 Brasileiro est\u00e3o sendo demolidas"},"content":{"rendered":"<p style=\"text-align: justify;\"><strong>O local j\u00e1 est\u00e1 sendo preparado para novas constru\u00e7\u00f5es.<\/strong><\/p>\n<p style=\"text-align: justify;\">Parte das paredes onde por muitos anos foi sede do Caf\u00e9 Brasileiro em Dracena, na Avenida Presidente Roosevelt, est\u00e3o sendo demolidas.<\/p>\n<p style=\"text-align: justify;\">No local j\u00e1 foram preparados dois terrenos que dever\u00e3o receber novas constru\u00e7\u00f5es. A maioria dos lotes pertence a m\u00e9dicos que fazem parte da Unimed.<\/p>\n<p><img loading=\"lazy\" decoding=\"async\" class=\"alignnone size-full wp-image-66765\" src=\"https:\/\/jorgezanoni.com.br\/2019\/wp-content\/uploads\/2022\/07\/IMG_7780.jpg\" alt=\"\" width=\"700\" height=\"525\" srcset=\"https:\/\/jorgezanoni.com.br\/2019\/wp-content\/uploads\/2022\/07\/IMG_7780.jpg 700w, https:\/\/jorgezanoni.com.br\/2019\/wp-content\/uploads\/2022\/07\/IMG_7780-300x225.jpg 300w, https:\/\/jorgezanoni.com.br\/2019\/wp-content\/uploads\/2022\/07\/IMG_7780-80x60.jpg 80w, https:\/\/jorgezanoni.com.br\/2019\/wp-content\/uploads\/2022\/07\/IMG_7780-265x198.jpg 265w, https:\/\/jorgezanoni.com.br\/2019\/wp-content\/uploads\/2022\/07\/IMG_7780-696x522.jpg 696w, https:\/\/jorgezanoni.com.br\/2019\/wp-content\/uploads\/2022\/07\/IMG_7780-560x420.jpg 560w\" sizes=\"auto, (max-width: 700px) 100vw, 700px\" \/> <img loading=\"lazy\" decoding=\"async\" class=\"alignnone size-full wp-image-66766\" src=\"https:\/\/jorgezanoni.com.br\/2019\/wp-content\/uploads\/2022\/07\/IMG_7781.jpg\" alt=\"\" width=\"700\" height=\"525\" srcset=\"https:\/\/jorgezanoni.com.br\/2019\/wp-content\/uploads\/2022\/07\/IMG_7781.jpg 700w, https:\/\/jorgezanoni.com.br\/2019\/wp-content\/uploads\/2022\/07\/IMG_7781-300x225.jpg 300w, https:\/\/jorgezanoni.com.br\/2019\/wp-content\/uploads\/2022\/07\/IMG_7781-80x60.jpg 80w, https:\/\/jorgezanoni.com.br\/2019\/wp-content\/uploads\/2022\/07\/IMG_7781-265x198.jpg 265w, https:\/\/jorgezanoni.com.br\/2019\/wp-content\/uploads\/2022\/07\/IMG_7781-696x522.jpg 696w, https:\/\/jorgezanoni.com.br\/2019\/wp-content\/uploads\/2022\/07\/IMG_7781-560x420.jpg 560w\" sizes=\"auto, (max-width: 700px) 100vw, 700px\" \/> <img loading=\"lazy\" decoding=\"async\" class=\"alignnone size-full wp-image-66767\" src=\"https:\/\/jorgezanoni.com.br\/2019\/wp-content\/uploads\/2022\/07\/IMG_7782-2.jpg\" alt=\"\" width=\"696\" height=\"441\" srcset=\"https:\/\/jorgezanoni.com.br\/2019\/wp-content\/uploads\/2022\/07\/IMG_7782-2.jpg 696w, https:\/\/jorgezanoni.com.br\/2019\/wp-content\/uploads\/2022\/07\/IMG_7782-2-300x190.jpg 300w, https:\/\/jorgezanoni.com.br\/2019\/wp-content\/uploads\/2022\/07\/IMG_7782-2-663x420.jpg 663w\" sizes=\"auto, (max-width: 696px) 100vw, 696px\" \/> <img loading=\"lazy\" decoding=\"async\" class=\"alignnone size-full wp-image-66768\" src=\"https:\/\/jorgezanoni.com.br\/2019\/wp-content\/uploads\/2022\/07\/jDerruba.jpg\" alt=\"\" width=\"700\" height=\"525\" srcset=\"https:\/\/jorgezanoni.com.br\/2019\/wp-content\/uploads\/2022\/07\/jDerruba.jpg 700w, https:\/\/jorgezanoni.com.br\/2019\/wp-content\/uploads\/2022\/07\/jDerruba-300x225.jpg 300w, https:\/\/jorgezanoni.com.br\/2019\/wp-content\/uploads\/2022\/07\/jDerruba-80x60.jpg 80w, https:\/\/jorgezanoni.com.br\/2019\/wp-content\/uploads\/2022\/07\/jDerruba-265x198.jpg 265w, https:\/\/jorgezanoni.com.br\/2019\/wp-content\/uploads\/2022\/07\/jDerruba-696x522.jpg 696w, https:\/\/jorgezanoni.com.br\/2019\/wp-content\/uploads\/2022\/07\/jDerruba-560x420.jpg 560w\" sizes=\"auto, (max-width: 700px) 100vw, 700px\" \/><\/p>\n<p style=\"text-align: justify;\">Jorge Zanoni<\/p>\n<p>&nbsp;<\/p>\n","protected":false},"excerpt":{"rendered":"<p>O local j\u00e1 est\u00e1 sendo preparado para novas constru\u00e7\u00f5es. Parte das paredes onde por muitos anos foi sede do Caf\u00e9 Brasileiro em Dracena, na Avenida Presidente Roosevelt, est\u00e3o sendo demolidas. No local j\u00e1 foram preparados dois terrenos que dever\u00e3o receber novas constru\u00e7\u00f5es. A maioria dos lotes pertence a m\u00e9dicos que fazem parte da Unimed. Jorge [&hellip;]<\/p>\n","protected":false},"author":1,"featured_media":66766,"comment_status":"closed","ping_status":"open","sticky":false,"template":"","format":"standard","meta":{"footnotes":""},"categories":[179,184,110],"tags":[],"class_list":["post-66763","post","type-post","status-publish","format-standard","has-post-thumbnail","hentry","category-cidadeseregiao","category-dracena","category-noticiasdestaque"],"_links":{"self":[{"href":"https:\/\/jorgezanoni.com.br\/2019\/wp-json\/wp\/v2\/posts\/66763","targetHints":{"allow":["GET"]}}],"collection":[{"href":"https:\/\/jorgezanoni.com.br\/2019\/wp-json\/wp\/v2\/posts"}],"about":[{"href":"https:\/\/jorgezanoni.com.br\/2019\/wp-json\/wp\/v2\/types\/post"}],"author":[{"embeddable":true,"href":"https:\/\/jorgezanoni.com.br\/2019\/wp-json\/wp\/v2\/users\/1"}],"replies":[{"embeddable":true,"href":"https:\/\/jorgezanoni.com.br\/2019\/wp-json\/wp\/v2\/comments?post=66763"}],"version-history":[{"count":1,"href":"https:\/\/jorgezanoni.com.br\/2019\/wp-json\/wp\/v2\/posts\/66763\/revisions"}],"predecessor-version":[{"id":66769,"href":"https:\/\/jorgezanoni.com.br\/2019\/wp-json\/wp\/v2\/posts\/66763\/revisions\/66769"}],"wp:featuredmedia":[{"embeddable":true,"href":"https:\/\/jorgezanoni.com.br\/2019\/wp-json\/wp\/v2\/media\/66766"}],"wp:attachment":[{"href":"https:\/\/jorgezanoni.com.br\/2019\/wp-json\/wp\/v2\/media?parent=66763"}],"wp:term":[{"taxonomy":"category","embeddable":true,"href":"https:\/\/jorgezanoni.com.br\/2019\/wp-json\/wp\/v2\/categories?post=66763"},{"taxonomy":"post_tag","embeddable":true,"href":"https:\/\/jorgezanoni.com.br\/2019\/wp-json\/wp\/v2\/tags?post=66763"}],"curies":[{"name":"wp","href":"https:\/\/api.w.org\/{rel}","templated":true}]}}