{"id":6673,"date":"2019-09-19T23:53:58","date_gmt":"2019-09-19T23:53:58","guid":{"rendered":"https:\/\/jorgezanoni.com.br\/2019\/?p=6673"},"modified":"2019-09-19T23:54:50","modified_gmt":"2019-09-19T23:54:50","slug":"professor-e-esfaqueado-por-aluno-dentro-de-escola-na-zona-leste-de-sp-diz-policia","status":"publish","type":"post","link":"https:\/\/jorgezanoni.com.br\/2019\/professor-e-esfaqueado-por-aluno-dentro-de-escola-na-zona-leste-de-sp-diz-policia\/","title":{"rendered":"Professor \u00e9 esfaqueado por aluno dentro de escola na Zona Leste de SP, diz pol\u00edcia"},"content":{"rendered":"<h2 class=\"content-head__subtitle\" style=\"text-align: justify;\"><strong>Caso aconteceu no CEU Aricanduva. Segundo a PM, o aluno tamb\u00e9m ficou ferido e foi levado para o PS do Jardim Iva.<\/strong><\/h2>\n<div class=\"mc-column content-text active-extra-styles \" style=\"text-align: justify;\" data-block-type=\"unstyled\" data-block-weight=\"39\" data-block-id=\"2\">\n<p class=\"content-text__container \" data-track-category=\"Link no Texto\" data-track-links=\"\">Um professor foi esfaqueado por um aluno dentro do Centro Educacional Unificado (CEU) Aricanduva, uma escola municipal na Zona Leste da cidade de\u00a0<a href=\"https:\/\/g1.globo.com\/sp\/sao-paulo\/\">S\u00e3o Paulo<\/a>, nesta quinta-feira (19). Segundo a Pol\u00edcia Militar, o estudante tamb\u00e9m ficou ferido.<\/p>\n<\/div>\n<div class=\"wall protected-content\">\n<div class=\"mc-column content-text active-extra-styles \" style=\"text-align: justify;\" data-block-type=\"unstyled\" data-block-weight=\"34\" data-block-id=\"3\">\n<p class=\"content-text__container \" data-track-category=\"Link no Texto\" data-track-links=\"\">Professor e aluno foram socorridos e segundo a Secretaria Estadual de Sa\u00fade, o estado de sa\u00fade do docente \u00e9 grave e, por volta das 12h, ele estava no centro cir\u00fargico do Hospital Vila Alpina.<\/p>\n<\/div>\n<div class=\"mc-column content-text active-extra-styles\" data-block-type=\"raw\" data-block-weight=\"17\" data-block-id=\"4\">\n<ul class=\"content-unordered-list\" style=\"text-align: justify;\">\n<li><a href=\"https:\/\/g1.globo.com\/sp\/sao-paulo\/noticia\/2019\/09\/19\/aluno-se-despediu-da-mae-por-mensagem-antes-de-esfaquear-professor-em-escola-de-sp-diz-policia.ghtml\">Aluno se despediu da m\u00e3e por mensagem antes de esfaquear professor em escola de SP, diz pol\u00edcia<\/a><\/li>\n<\/ul>\n<div class=\"mc-column content-text active-extra-styles \" style=\"text-align: justify;\" data-block-type=\"unstyled\" data-block-weight=\"63\" data-block-id=\"6\">\n<p class=\"content-text__container \" data-track-category=\"Link no Texto\" data-track-links=\"\">Informa\u00e7\u00f5es iniciais apontam que o aluno, de 14 anos, estava em troca de aulas, encontrou o professor no corredor, o esfaqueou e voltou para a sala. Ao avisar os colegas sobre o que tinha feito, se feriu, mas foi contido por outro professor. O estudante est\u00e1 no 9\u00ba ano do ensino fundamental e n\u00e3o tem hist\u00f3rico de problemas com colegas e funcion\u00e1rios.<\/p>\n<\/div>\n<div class=\"content-ads content-ads--reveal\" data-block-type=\"ads\" data-block-id=\"7\">\n<div id=\"banner_materia2\" class=\"tag-manager-publicidade-container mc-has-reveal mc-has-ad-lazyload tag-manager-publicidade-banner_materia2 tag-manager-publicidade-container--carregado tag-manager-publicidade-container--visivel\" data-id=\"banner_materia2\" data-google-query-id=\"CLWo0saJ3uQCFU18wQodNHMGEw\" data-cid=\"138287644820\" data-lid=\"5175111970\">\n<div id=\"google_ads_iframe_\/95377733\/tvg_G1\/Sua_Regiao&gt;Sudeste&gt;Sao_Paulo_2__container__\" style=\"box-sizing: inherit; margin: auto; padding: 0px; border: 0pt none; font: inherit; vertical-align: baseline; width: 970px; max-width: 100%; height: 250px; text-align: justify;\">&#8220;Pelas informa\u00e7\u00f5es, trata-se de um surto psic\u00f3tico. Ele tem 14 anos, pelas refer\u00eancias, \u00e9 um bom aluno, nunca deu problema, tem apresentado boas notas. \u00c9 um fato que surpreendeu a todos aqui na escola&#8221;, disse o tenente Damasceno do 19\u00ba Batalh\u00e3o da Pol\u00edcia Militar.<\/div>\n<div style=\"box-sizing: inherit; margin: auto; padding: 0px; border: 0pt none; font: inherit; vertical-align: baseline; width: 970px; max-width: 100%; height: 250px; text-align: justify;\">A ocorr\u00eancia foi conduzida pela Guarda Civil Metropolitana (GCM) e foi recebida \u00e0s 9h20.<\/div>\n<div style=\"box-sizing: inherit; margin: auto; padding: 0px; border: 0pt none; font: inherit; vertical-align: baseline; width: 970px; max-width: 100%; height: 250px; text-align: justify;\">Diretoria Regional de Itaquera disse que o aluno e o professor &#8220;est\u00e3o sendo atendidos pelos servi\u00e7os de sa\u00fade do munic\u00edpio&#8221; e que &#8220;a dire\u00e7\u00e3o do CEU suspendeu as atividades de hoje na unidade&#8221;.<\/div>\n<\/div>\n<\/div>\n<div data-track-category=\"multicontent\" data-track-action=\"ultimo chunk conteudo\" data-track-noninteraction=\"false\" data-track-scroll=\"view\">\n<div class=\"mc-column content-media content-video\" data-block-type=\"backstage-video\" data-block-id=\"11\">\n<div class=\"content-media__container\">\n<div class=\"content-video__bigger-player-description-fixer content-media__container--loaded\">\n<div class=\"content-video__video\">\n<div id=\"wp3-player-3\" class=\"clappr-player\" tabindex=\"9999\" data-player=\"\">\n<div class=\"dfp-ad-overlay dfp-ad-overlay--poster-mode\">\n<div>Fonte: https:\/\/g1.globo.com\/sp\/sao-paulo\/noticia\/2019\/09\/19\/professor-e-esfaqueado-por-aluno-dentro-de-ceu-na-zona-leste-de-sp-diz-policia.ghtml<\/div>\n<\/div>\n<div class=\"media-control media-control-hide\">\n<div class=\"media-control-panel\">\n<div class=\"media-control-panel__back-layer\">\n<div class=\"media-control-position__center\"><\/div>\n<div class=\"media-control-position__right\"><\/div>\n<\/div>\n<div class=\"media-control-panel__upper\">\n<div class=\"opposites-container\">\n<div class=\"media-control-position__left\"><\/div>\n<div class=\"media-control-position__right\"><\/div>\n<\/div>\n<div class=\"media-control-position__center\"><\/div>\n<\/div>\n<div class=\"media-control-panel__middle\">\n<div class=\"media-control-position__left\"><\/div>\n<div class=\"media-control-position__center\"><\/div>\n<div class=\"media-control-position__right\"><\/div>\n<div class=\"quick-seek hidden media-control-element\">\n<div class=\"quick-seek-container\">\n<div class=\"quick-seek-placeholder quick-seek-placeholder--left\">\n<div class=\"quick-seek-placeholder-background quick-seek-placeholder-background--left\"><\/div>\n<div class=\"quick-seek-arrow-placeholder\"><\/div>\n<\/div>\n<div class=\"quick-seek-placeholder quick-seek-placeholder--right\">\n<div class=\"quick-seek-placeholder-background quick-seek-placeholder-background--right\"><\/div>\n<div class=\"quick-seek-arrow-placeholder\"><\/div>\n<\/div>\n<\/div>\n<\/div>\n<\/div>\n<div class=\"media-control-panel__between\">\n<div class=\"media-control-position__left\"><\/div>\n<div class=\"media-control-position__center\"><\/div>\n<div class=\"media-control-position__right\"><\/div>\n<p>&nbsp;<\/p>\n<\/div>\n<div class=\"media-control-panel__lower\" data-controls=\"\">\n<div class=\"media-control-position__center\">\n<div class=\"bar-container media-control-element\" data-seekbar=\"\">\n<div class=\"bar-background\" data-seekbar=\"\">\n<div class=\"bar-fill-1\" data-seekbar=\"\"><\/div>\n<div class=\"bar-fill-2\" data-seekbar=\"\"><\/div>\n<\/div>\n<div class=\"bar-scrubber\" data-seekbar=\"\">\n<div class=\"bar-scrubber-icon\" data-seekbar=\"\"><\/div>\n<\/div>\n<div class=\"thumb-preview thumb-preview--hidden\">\n<div class=\"thumb-preview__thumb\"><\/div>\n<div class=\"thumb-preview__position\"><\/div>\n<\/div>\n<\/div>\n<div class=\"bar-container__placeholder\"><\/div>\n<div class=\"chromecast-sender-indicator media-control-element\"><\/div>\n<\/div>\n<div class=\"opposites-container\">\n<div class=\"media-control-position__right\"><\/div>\n<\/div>\n<\/div>\n<\/div>\n<\/div>\n<\/div>\n<\/div>\n<\/div>\n<\/div>\n<\/div>\n<\/div>\n<\/div>\n<\/div>\n","protected":false},"excerpt":{"rendered":"<p>Caso aconteceu no CEU Aricanduva. Segundo a PM, o aluno tamb\u00e9m ficou ferido e foi levado para o PS do Jardim Iva. Um professor foi esfaqueado por um aluno dentro do Centro Educacional Unificado (CEU) Aricanduva, uma escola municipal na Zona Leste da cidade de\u00a0S\u00e3o Paulo, nesta quinta-feira (19). Segundo a Pol\u00edcia Militar, o estudante [&hellip;]<\/p>\n","protected":false},"author":1,"featured_media":6674,"comment_status":"closed","ping_status":"open","sticky":false,"template":"","format":"standard","meta":{"footnotes":""},"categories":[110,2],"tags":[],"class_list":["post-6673","post","type-post","status-publish","format-standard","has-post-thumbnail","hentry","category-noticiasdestaque","category-policial"],"_links":{"self":[{"href":"https:\/\/jorgezanoni.com.br\/2019\/wp-json\/wp\/v2\/posts\/6673","targetHints":{"allow":["GET"]}}],"collection":[{"href":"https:\/\/jorgezanoni.com.br\/2019\/wp-json\/wp\/v2\/posts"}],"about":[{"href":"https:\/\/jorgezanoni.com.br\/2019\/wp-json\/wp\/v2\/types\/post"}],"author":[{"embeddable":true,"href":"https:\/\/jorgezanoni.com.br\/2019\/wp-json\/wp\/v2\/users\/1"}],"replies":[{"embeddable":true,"href":"https:\/\/jorgezanoni.com.br\/2019\/wp-json\/wp\/v2\/comments?post=6673"}],"version-history":[{"count":0,"href":"https:\/\/jorgezanoni.com.br\/2019\/wp-json\/wp\/v2\/posts\/6673\/revisions"}],"wp:featuredmedia":[{"embeddable":true,"href":"https:\/\/jorgezanoni.com.br\/2019\/wp-json\/wp\/v2\/media\/6674"}],"wp:attachment":[{"href":"https:\/\/jorgezanoni.com.br\/2019\/wp-json\/wp\/v2\/media?parent=6673"}],"wp:term":[{"taxonomy":"category","embeddable":true,"href":"https:\/\/jorgezanoni.com.br\/2019\/wp-json\/wp\/v2\/categories?post=6673"},{"taxonomy":"post_tag","embeddable":true,"href":"https:\/\/jorgezanoni.com.br\/2019\/wp-json\/wp\/v2\/tags?post=6673"}],"curies":[{"name":"wp","href":"https:\/\/api.w.org\/{rel}","templated":true}]}}