{"id":66687,"date":"2022-07-23T01:03:46","date_gmt":"2022-07-23T01:03:46","guid":{"rendered":"https:\/\/jorgezanoni.com.br\/2019\/?p=66687"},"modified":"2022-07-23T01:34:21","modified_gmt":"2022-07-23T01:34:21","slug":"colisao-envolve-tres-veiculos-de-carga-na-sp-563-proximo-a-ouro-verde-e-mata-caminhineiro","status":"publish","type":"post","link":"https:\/\/jorgezanoni.com.br\/2019\/colisao-envolve-tres-veiculos-de-carga-na-sp-563-proximo-a-ouro-verde-e-mata-caminhineiro\/","title":{"rendered":"Colis\u00e3o envolve tr\u00eas ve\u00edculos de carga na SP-563 pr\u00f3ximo a Ouro Verde e mata caminhoneiro"},"content":{"rendered":"<p style=\"text-align: justify;\"><strong>O acidente ocorreu nas imedia\u00e7\u00f5es do trevo de acesso \u00e0 Penitenci\u00e1ria de Dracena e a cidade de Ouro Verde na Rodovia Euclides de Oliveira Figueiredo.<\/strong><\/p>\n<p style=\"text-align: justify;\">As primeiras informa\u00e7\u00f5es chegaram por volta de 19:40 Horas ao Site JZ, dando conta que havia acontecido um grav\u00edssimo acidente, sendo uma carreta carregada com Celulose, e mais dois ve\u00edculos de carga<\/p>\n<p style=\"text-align: justify;\">Segundo informa\u00e7\u00f5es apuradas pelo Site JZ e Folha Regional de Fl\u00f3rida Paulista junto \u00e0s autoridades que atendem a ocorr\u00eancia, uma carreta carregada de celulose e um caminh\u00e3o seguiam no sentido contr\u00e1rio de dire\u00e7\u00e3o e colidiram transversalmente.<\/p>\n<p style=\"text-align: justify;\">O semirreboque da carreta de celulose \u201cdeu um L\u201d e um terceiro ve\u00edculo de carga que fazia o sentido oposto, acabou se envolvendo na colis\u00e3o.<\/p>\n<p style=\"text-align: justify;\">O motorista do caminh\u00e3o n\u00e3o resistiu e acabou falecendo no local do acidente.<\/p>\n<p style=\"text-align: justify;\">A ocorr\u00eancia que segue em andamento mobiliza a Pol\u00edcia Militar Rodovi\u00e1ria, equipes do Corpo de Bombeiros, DER, Pol\u00edcia Civil e Pol\u00edcia Cient\u00edfica.<\/p>\n<p style=\"text-align: justify;\">\u00c9 importante que os motoristas redobrem a aten\u00e7\u00e3o ao passarem pelo trecho afetado pelo acidente. Reportagem sujeita a altera\u00e7\u00f5es.<\/p>\n<p style=\"text-align: justify;\">O Site JZ continua apurando os fatos e assim que tiver maiores informa\u00e7\u00f5es, voltar\u00e1 com a mat\u00e9ria atualizada.<\/p>\n<p><img loading=\"lazy\" decoding=\"async\" class=\"alignnone size-full wp-image-66689\" src=\"https:\/\/jorgezanoni.com.br\/2019\/wp-content\/uploads\/2022\/07\/carreta-2.jpg\" alt=\"\" width=\"363\" height=\"494\" srcset=\"https:\/\/jorgezanoni.com.br\/2019\/wp-content\/uploads\/2022\/07\/carreta-2.jpg 363w, https:\/\/jorgezanoni.com.br\/2019\/wp-content\/uploads\/2022\/07\/carreta-2-220x300.jpg 220w, https:\/\/jorgezanoni.com.br\/2019\/wp-content\/uploads\/2022\/07\/carreta-2-309x420.jpg 309w\" sizes=\"auto, (max-width: 363px) 100vw, 363px\" \/> <img loading=\"lazy\" decoding=\"async\" class=\"alignnone size-full wp-image-66690\" src=\"https:\/\/jorgezanoni.com.br\/2019\/wp-content\/uploads\/2022\/07\/carreta1-2.jpg\" alt=\"\" width=\"496\" height=\"624\" srcset=\"https:\/\/jorgezanoni.com.br\/2019\/wp-content\/uploads\/2022\/07\/carreta1-2.jpg 496w, https:\/\/jorgezanoni.com.br\/2019\/wp-content\/uploads\/2022\/07\/carreta1-2-238x300.jpg 238w, https:\/\/jorgezanoni.com.br\/2019\/wp-content\/uploads\/2022\/07\/carreta1-2-334x420.jpg 334w\" sizes=\"auto, (max-width: 496px) 100vw, 496px\" \/> <img loading=\"lazy\" decoding=\"async\" class=\"alignnone size-full wp-image-66691\" src=\"https:\/\/jorgezanoni.com.br\/2019\/wp-content\/uploads\/2022\/07\/carreta2-2.jpg\" alt=\"\" width=\"494\" height=\"639\" srcset=\"https:\/\/jorgezanoni.com.br\/2019\/wp-content\/uploads\/2022\/07\/carreta2-2.jpg 494w, https:\/\/jorgezanoni.com.br\/2019\/wp-content\/uploads\/2022\/07\/carreta2-2-232x300.jpg 232w, https:\/\/jorgezanoni.com.br\/2019\/wp-content\/uploads\/2022\/07\/carreta2-2-325x420.jpg 325w\" sizes=\"auto, (max-width: 494px) 100vw, 494px\" \/> <img loading=\"lazy\" decoding=\"async\" class=\"alignnone size-full wp-image-66692\" src=\"https:\/\/jorgezanoni.com.br\/2019\/wp-content\/uploads\/2022\/07\/carreta3-2.jpg\" alt=\"\" width=\"496\" height=\"616\" srcset=\"https:\/\/jorgezanoni.com.br\/2019\/wp-content\/uploads\/2022\/07\/carreta3-2.jpg 496w, https:\/\/jorgezanoni.com.br\/2019\/wp-content\/uploads\/2022\/07\/carreta3-2-242x300.jpg 242w, https:\/\/jorgezanoni.com.br\/2019\/wp-content\/uploads\/2022\/07\/carreta3-2-338x420.jpg 338w\" sizes=\"auto, (max-width: 496px) 100vw, 496px\" \/> <img loading=\"lazy\" decoding=\"async\" class=\"alignnone size-full wp-image-66694\" src=\"https:\/\/jorgezanoni.com.br\/2019\/wp-content\/uploads\/2022\/07\/Carreta5-2.jpg\" alt=\"\" width=\"402\" height=\"285\" srcset=\"https:\/\/jorgezanoni.com.br\/2019\/wp-content\/uploads\/2022\/07\/Carreta5-2.jpg 402w, https:\/\/jorgezanoni.com.br\/2019\/wp-content\/uploads\/2022\/07\/Carreta5-2-300x213.jpg 300w, https:\/\/jorgezanoni.com.br\/2019\/wp-content\/uploads\/2022\/07\/Carreta5-2-100x70.jpg 100w\" sizes=\"auto, (max-width: 402px) 100vw, 402px\" \/><\/p>\n<p>Jorge Zanoni<\/p>\n<p>Fotos de Internauta<\/p>\n<p>&nbsp;<\/p>\n<div class=\"e5nlhep0 nu4hu5il eg9m0zos\">\n<div class=\"kvgmc6g5 cxmmr5t8 oygrvhab hcukyx3x c1et5uql\"><\/div>\n<\/div>\n<div class=\"aahdfvyu\">\n<div class=\"oajrlxb2 g5ia77u1 qu0x051f esr5mh6w e9989ue4 r7d6kgcz rq0escxv nhd2j8a9 nc684nl6 p7hjln8o kvgmc6g5 cxmmr5t8 oygrvhab hcukyx3x jb3vyjys rz4wbd8a qt6c0cv9 a8nywdso i1ao9s8h esuyzwwr f1sip0of lzcic4wl gpro0wi8 oo9gr5id lrazzd5p\" tabindex=\"0\" role=\"button\"><\/div>\n<\/div>\n","protected":false},"excerpt":{"rendered":"<p>O acidente ocorreu nas imedia\u00e7\u00f5es do trevo de acesso \u00e0 Penitenci\u00e1ria de Dracena e a cidade de Ouro Verde na Rodovia Euclides de Oliveira Figueiredo. As primeiras informa\u00e7\u00f5es chegaram por volta de 19:40 Horas ao Site JZ, dando conta que havia acontecido um grav\u00edssimo acidente, sendo uma carreta carregada com Celulose, e mais dois ve\u00edculos [&hellip;]<\/p>\n","protected":false},"author":1,"featured_media":66693,"comment_status":"closed","ping_status":"open","sticky":false,"template":"","format":"standard","meta":{"footnotes":""},"categories":[170,110],"tags":[],"class_list":["post-66687","post","type-post","status-publish","format-standard","has-post-thumbnail","hentry","category-acidentes","category-noticiasdestaque"],"_links":{"self":[{"href":"https:\/\/jorgezanoni.com.br\/2019\/wp-json\/wp\/v2\/posts\/66687","targetHints":{"allow":["GET"]}}],"collection":[{"href":"https:\/\/jorgezanoni.com.br\/2019\/wp-json\/wp\/v2\/posts"}],"about":[{"href":"https:\/\/jorgezanoni.com.br\/2019\/wp-json\/wp\/v2\/types\/post"}],"author":[{"embeddable":true,"href":"https:\/\/jorgezanoni.com.br\/2019\/wp-json\/wp\/v2\/users\/1"}],"replies":[{"embeddable":true,"href":"https:\/\/jorgezanoni.com.br\/2019\/wp-json\/wp\/v2\/comments?post=66687"}],"version-history":[{"count":3,"href":"https:\/\/jorgezanoni.com.br\/2019\/wp-json\/wp\/v2\/posts\/66687\/revisions"}],"predecessor-version":[{"id":66698,"href":"https:\/\/jorgezanoni.com.br\/2019\/wp-json\/wp\/v2\/posts\/66687\/revisions\/66698"}],"wp:featuredmedia":[{"embeddable":true,"href":"https:\/\/jorgezanoni.com.br\/2019\/wp-json\/wp\/v2\/media\/66693"}],"wp:attachment":[{"href":"https:\/\/jorgezanoni.com.br\/2019\/wp-json\/wp\/v2\/media?parent=66687"}],"wp:term":[{"taxonomy":"category","embeddable":true,"href":"https:\/\/jorgezanoni.com.br\/2019\/wp-json\/wp\/v2\/categories?post=66687"},{"taxonomy":"post_tag","embeddable":true,"href":"https:\/\/jorgezanoni.com.br\/2019\/wp-json\/wp\/v2\/tags?post=66687"}],"curies":[{"name":"wp","href":"https:\/\/api.w.org\/{rel}","templated":true}]}}