{"id":66681,"date":"2022-07-22T21:30:59","date_gmt":"2022-07-22T21:30:59","guid":{"rendered":"https:\/\/jorgezanoni.com.br\/2019\/?p=66681"},"modified":"2022-07-22T21:30:59","modified_gmt":"2022-07-22T21:30:59","slug":"plantao-da-policia-civil-de-dracena-atendera-em-novo-local-para-reforma-ao-lado-do-atual","status":"publish","type":"post","link":"https:\/\/jorgezanoni.com.br\/2019\/plantao-da-policia-civil-de-dracena-atendera-em-novo-local-para-reforma-ao-lado-do-atual\/","title":{"rendered":"Plant\u00e3o da Pol\u00edcia Civil de Dracena atender\u00e1 em novo local para reforma, ao lado do atual"},"content":{"rendered":"<p style=\"text-align: justify;\"><strong>PLANT\u00c3O DA POL\u00cdCIA CIVIL DE DRACENA EM NOVO E CONHECIDO ENDERE\u00c7O: PR\u00c9DIO DA DIG\/DISE A PARTIR DE HOJE.<\/strong><\/p>\n<p style=\"text-align: justify;\">A Delegacia Seccional de Pol\u00edcia de Dracena, comunica \u00e0s Autoridade Policiais, Policiais Civis, Policiais Militares, demais Autoridades e p\u00fablico em geral que, o Plant\u00e3o Policial da Delegacia Seccional de Pol\u00edcia de Dracena, a partir das 18h00min do dia 22\/07\/2022 passar\u00e1 a funcionar nas depend\u00eancias do pr\u00e9dio que abriga a DIG\/DISE de Dracena, em raz\u00e3o do in\u00edcio das obras de reforma e adequa\u00e7\u00e3o dos 1\u00ba\/2\u00ba Distritos Policiais e do antigo Plant\u00e3o Policial, previstas para in\u00edcio em 01\/08\/2022.<br \/>\nAs unidades da DIG\/DISE funcionam na Rua Martin Afonso n\u00ba 1421, ao lado do pr\u00e9dio do plant\u00e3o ora desativado.<br \/>\nO per\u00edodo de funcionamento se estender\u00e1 at\u00e9 a entrega da obra, com previs\u00e3o de 10 meses, podendo ser prorrogado em raz\u00e3o de imprevistos que eventualmente venham a ocorrer.<\/p>\n<p style=\"text-align: justify;\">Fonte: Delegacia Seccional de Pol\u00edcia de Dracena<\/p>\n","protected":false},"excerpt":{"rendered":"<p>PLANT\u00c3O DA POL\u00cdCIA CIVIL DE DRACENA EM NOVO E CONHECIDO ENDERE\u00c7O: PR\u00c9DIO DA DIG\/DISE A PARTIR DE HOJE. A Delegacia Seccional de Pol\u00edcia de Dracena, comunica \u00e0s Autoridade Policiais, Policiais Civis, Policiais Militares, demais Autoridades e p\u00fablico em geral que, o Plant\u00e3o Policial da Delegacia Seccional de Pol\u00edcia de Dracena, a partir das 18h00min do [&hellip;]<\/p>\n","protected":false},"author":1,"featured_media":66682,"comment_status":"closed","ping_status":"open","sticky":false,"template":"","format":"standard","meta":{"footnotes":""},"categories":[110,2],"tags":[],"class_list":["post-66681","post","type-post","status-publish","format-standard","has-post-thumbnail","hentry","category-noticiasdestaque","category-policial"],"_links":{"self":[{"href":"https:\/\/jorgezanoni.com.br\/2019\/wp-json\/wp\/v2\/posts\/66681","targetHints":{"allow":["GET"]}}],"collection":[{"href":"https:\/\/jorgezanoni.com.br\/2019\/wp-json\/wp\/v2\/posts"}],"about":[{"href":"https:\/\/jorgezanoni.com.br\/2019\/wp-json\/wp\/v2\/types\/post"}],"author":[{"embeddable":true,"href":"https:\/\/jorgezanoni.com.br\/2019\/wp-json\/wp\/v2\/users\/1"}],"replies":[{"embeddable":true,"href":"https:\/\/jorgezanoni.com.br\/2019\/wp-json\/wp\/v2\/comments?post=66681"}],"version-history":[{"count":1,"href":"https:\/\/jorgezanoni.com.br\/2019\/wp-json\/wp\/v2\/posts\/66681\/revisions"}],"predecessor-version":[{"id":66683,"href":"https:\/\/jorgezanoni.com.br\/2019\/wp-json\/wp\/v2\/posts\/66681\/revisions\/66683"}],"wp:featuredmedia":[{"embeddable":true,"href":"https:\/\/jorgezanoni.com.br\/2019\/wp-json\/wp\/v2\/media\/66682"}],"wp:attachment":[{"href":"https:\/\/jorgezanoni.com.br\/2019\/wp-json\/wp\/v2\/media?parent=66681"}],"wp:term":[{"taxonomy":"category","embeddable":true,"href":"https:\/\/jorgezanoni.com.br\/2019\/wp-json\/wp\/v2\/categories?post=66681"},{"taxonomy":"post_tag","embeddable":true,"href":"https:\/\/jorgezanoni.com.br\/2019\/wp-json\/wp\/v2\/tags?post=66681"}],"curies":[{"name":"wp","href":"https:\/\/api.w.org\/{rel}","templated":true}]}}