{"id":6667,"date":"2019-09-19T21:28:55","date_gmt":"2019-09-19T21:28:55","guid":{"rendered":"https:\/\/jorgezanoni.com.br\/2019\/?p=6667"},"modified":"2019-09-19T21:28:55","modified_gmt":"2019-09-19T21:28:55","slug":"reitor-da-unesp-recebe-representantes-do-municipio-de-dracena","status":"publish","type":"post","link":"https:\/\/jorgezanoni.com.br\/2019\/reitor-da-unesp-recebe-representantes-do-municipio-de-dracena\/","title":{"rendered":"Reitor da Unesp recebe representantes do Munic\u00edpio de Dracena"},"content":{"rendered":"<p style=\"text-align: justify;\"><strong>Dire\u00e7\u00e3o da FCAT\/Unesp, Prefeito Municipal e Presidente da C\u00e2mara Municipal participaram da reuni\u00e3o.<\/strong><\/p>\n<p style=\"text-align: justify;\">O Prof. Dr. Paulo Alexandre Monteiro de Figueiredo, Diretor da Faculdade de Ci\u00eancias Agr\u00e1rias e Tecnol\u00f3gicas &#8211; FCAT\/Unesp; o Prof. Dr. F\u00e1bio Erminio Mingatto, Vice-diretor da FCAT; o Prefeito Municipal de Dracena, Juliano Brito Bertolini; e o Presidente da C\u00e2mara Municipal de Dracena, Milton Polon; foram recebidos pelo Magn\u00edfico Reitor da Unesp, Prof. Dr. Sandro Roberto Valentini e seu Assessor Prof. Dr. Jos\u00e9 Paes de Almeida Nogueira Pinto no dia 10 de setembro de 2019 no Gabinete do Reitor em S\u00e3o Paulo.<\/p>\n<p style=\"text-align: justify;\">Na oportunidade foram discutidas quest\u00f5es sobre infraestrutura e crescimento do C\u00e2mpus da Unesp em Dracena. Os Diretores locais, assim como o Reitor, solicitaram ao Prefeito e Presidente da C\u00e2mara Municipal a doa\u00e7\u00e3o de \u00e1reas para Unesp, para a ocorr\u00eancia de uma expans\u00e3o programada; assunto que j\u00e1 se encontra em an\u00e1lise para atendimento o quanto antes poss\u00edvel. Tamb\u00e9m foi solicitado pelo Prof. Paulo e Prof. F\u00e1bio o asfaltamento interno do C\u00e2mpus, que segundo o Prefeito, ser\u00e1 or\u00e7ado junto \u00e0 Empresa de Desenvolvimento \u00c1gua, Esgoto e Pavimenta\u00e7\u00e3o de Dracena &#8211; EMDAEP. O Prefeito Juliano e o Presidente Milton Polon destacaram o enorme crescimento e desenvolvimento que vem ocorrendo nos \u00faltimos anos no c\u00e2mpus local. Em fun\u00e7\u00e3o disso, o Prof. Sandro recebeu o pedido de estudos com estrat\u00e9gias visando a implanta\u00e7\u00e3o de novos cursos de gradua\u00e7\u00e3o para a unidade universit\u00e1ria local. O Reitor informou que, quando for prop\u00edcio o momento, poder\u00e1 autorizar a abertura de novos cursos, em fun\u00e7\u00e3o da robusta estrutura que a Faculdade de Ci\u00eancias Agr\u00e1rias e Tecnol\u00f3gicas &#8211; FCAT exibe atualmente.<\/p>\n<p style=\"text-align: justify;\">Fonte: Assessoria FCAT\/UNESP<\/p>\n<p style=\"text-align: justify;\">\n<p style=\"text-align: justify;\">\n<p style=\"text-align: justify;\">\n<p style=\"text-align: justify;\">\n<p style=\"text-align: justify;\">\n<p>&nbsp;<\/p>\n<p>&nbsp;<\/p>\n","protected":false},"excerpt":{"rendered":"<p>Dire\u00e7\u00e3o da FCAT\/Unesp, Prefeito Municipal e Presidente da C\u00e2mara Municipal participaram da reuni\u00e3o. O Prof. Dr. Paulo Alexandre Monteiro de Figueiredo, Diretor da Faculdade de Ci\u00eancias Agr\u00e1rias e Tecnol\u00f3gicas &#8211; FCAT\/Unesp; o Prof. Dr. F\u00e1bio Erminio Mingatto, Vice-diretor da FCAT; o Prefeito Municipal de Dracena, Juliano Brito Bertolini; e o Presidente da C\u00e2mara Municipal de [&hellip;]<\/p>\n","protected":false},"author":1,"featured_media":6668,"comment_status":"closed","ping_status":"open","sticky":false,"template":"","format":"standard","meta":{"footnotes":""},"categories":[122],"tags":[],"class_list":["post-6667","post","type-post","status-publish","format-standard","has-post-thumbnail","hentry","category-saudeeducacaoeconcurso"],"_links":{"self":[{"href":"https:\/\/jorgezanoni.com.br\/2019\/wp-json\/wp\/v2\/posts\/6667","targetHints":{"allow":["GET"]}}],"collection":[{"href":"https:\/\/jorgezanoni.com.br\/2019\/wp-json\/wp\/v2\/posts"}],"about":[{"href":"https:\/\/jorgezanoni.com.br\/2019\/wp-json\/wp\/v2\/types\/post"}],"author":[{"embeddable":true,"href":"https:\/\/jorgezanoni.com.br\/2019\/wp-json\/wp\/v2\/users\/1"}],"replies":[{"embeddable":true,"href":"https:\/\/jorgezanoni.com.br\/2019\/wp-json\/wp\/v2\/comments?post=6667"}],"version-history":[{"count":0,"href":"https:\/\/jorgezanoni.com.br\/2019\/wp-json\/wp\/v2\/posts\/6667\/revisions"}],"wp:featuredmedia":[{"embeddable":true,"href":"https:\/\/jorgezanoni.com.br\/2019\/wp-json\/wp\/v2\/media\/6668"}],"wp:attachment":[{"href":"https:\/\/jorgezanoni.com.br\/2019\/wp-json\/wp\/v2\/media?parent=6667"}],"wp:term":[{"taxonomy":"category","embeddable":true,"href":"https:\/\/jorgezanoni.com.br\/2019\/wp-json\/wp\/v2\/categories?post=6667"},{"taxonomy":"post_tag","embeddable":true,"href":"https:\/\/jorgezanoni.com.br\/2019\/wp-json\/wp\/v2\/tags?post=6667"}],"curies":[{"name":"wp","href":"https:\/\/api.w.org\/{rel}","templated":true}]}}