{"id":66632,"date":"2022-07-19T22:26:28","date_gmt":"2022-07-19T22:26:28","guid":{"rendered":"https:\/\/jorgezanoni.com.br\/2019\/?p=66632"},"modified":"2022-07-19T22:26:28","modified_gmt":"2022-07-19T22:26:28","slug":"policia-militar-prende-homem-por-furto-e-recupera-produto-em-dracena","status":"publish","type":"post","link":"https:\/\/jorgezanoni.com.br\/2019\/policia-militar-prende-homem-por-furto-e-recupera-produto-em-dracena\/","title":{"rendered":"Pol\u00edcia Militar prende homem por furto e recupera produto em Dracena"},"content":{"rendered":"<p style=\"text-align: justify;\"><strong>RESPOSTA R\u00c1PIDA: POL\u00cdCIA MILITAR EM DRACENA PRENDE HOMEM POR FURTO E RECUPERA PRODUTO MESMO ANTES DO PROPRIET\u00c1RIO TER CI\u00caNCIA DO CRIME.<\/strong><\/p>\n<p style=\"text-align: justify;\">Na data de hoje (19) por volta das 06h11min a equipe da Pol\u00edcia Militar durante a assun\u00e7\u00e3o de servi\u00e7o, recebeu uma liga\u00e7\u00e3o de um policial militar de folga informando que um indiv\u00edduo estaria carregando uma base de um colch\u00e3o box e tentou a abordagem Rua Brasil x Rua Fidelis Paulino de Arruda, onde o indiv\u00edduo (homem 39 anos), jogou no solo o produto de furto e saiu correndo em dire\u00e7\u00e3o ao bairro Santa Clara. Pelo local dos fatos foi feito contato com o policial que informou as caracter\u00edsticas do indiv\u00edduo e dando in\u00edcio o patrulhamento pelo bairro e ap\u00f3s algum tempo foi localizado o indiv\u00edduo pela sua resid\u00eancia. Foi realizado contato com o propriet\u00e1rio da loja que foi furtada que reconheceu o produto de furto sendo de sua propriedade. Foi dado voz de pris\u00e3o e o indiv\u00edduo permaneceu preso \u00e0 disposi\u00e7\u00e3o da Justi\u00e7a.<\/p>\n<p style=\"text-align: justify;\">#25bpmi<br \/>\n#cpi8<br \/>\n#POLICIAMILITARSP<br \/>\n#AFOR\u00c7AP\u00daBLICADES\u00c3OPAULO<br \/>\nComunica\u00e7\u00e3o Social do 25BPMI e regi\u00e3o<\/p>\n","protected":false},"excerpt":{"rendered":"<p>RESPOSTA R\u00c1PIDA: POL\u00cdCIA MILITAR EM DRACENA PRENDE HOMEM POR FURTO E RECUPERA PRODUTO MESMO ANTES DO PROPRIET\u00c1RIO TER CI\u00caNCIA DO CRIME. Na data de hoje (19) por volta das 06h11min a equipe da Pol\u00edcia Militar durante a assun\u00e7\u00e3o de servi\u00e7o, recebeu uma liga\u00e7\u00e3o de um policial militar de folga informando que um indiv\u00edduo estaria carregando [&hellip;]<\/p>\n","protected":false},"author":1,"featured_media":66633,"comment_status":"closed","ping_status":"open","sticky":false,"template":"","format":"standard","meta":{"footnotes":""},"categories":[110,2],"tags":[],"class_list":["post-66632","post","type-post","status-publish","format-standard","has-post-thumbnail","hentry","category-noticiasdestaque","category-policial"],"_links":{"self":[{"href":"https:\/\/jorgezanoni.com.br\/2019\/wp-json\/wp\/v2\/posts\/66632","targetHints":{"allow":["GET"]}}],"collection":[{"href":"https:\/\/jorgezanoni.com.br\/2019\/wp-json\/wp\/v2\/posts"}],"about":[{"href":"https:\/\/jorgezanoni.com.br\/2019\/wp-json\/wp\/v2\/types\/post"}],"author":[{"embeddable":true,"href":"https:\/\/jorgezanoni.com.br\/2019\/wp-json\/wp\/v2\/users\/1"}],"replies":[{"embeddable":true,"href":"https:\/\/jorgezanoni.com.br\/2019\/wp-json\/wp\/v2\/comments?post=66632"}],"version-history":[{"count":1,"href":"https:\/\/jorgezanoni.com.br\/2019\/wp-json\/wp\/v2\/posts\/66632\/revisions"}],"predecessor-version":[{"id":66634,"href":"https:\/\/jorgezanoni.com.br\/2019\/wp-json\/wp\/v2\/posts\/66632\/revisions\/66634"}],"wp:featuredmedia":[{"embeddable":true,"href":"https:\/\/jorgezanoni.com.br\/2019\/wp-json\/wp\/v2\/media\/66633"}],"wp:attachment":[{"href":"https:\/\/jorgezanoni.com.br\/2019\/wp-json\/wp\/v2\/media?parent=66632"}],"wp:term":[{"taxonomy":"category","embeddable":true,"href":"https:\/\/jorgezanoni.com.br\/2019\/wp-json\/wp\/v2\/categories?post=66632"},{"taxonomy":"post_tag","embeddable":true,"href":"https:\/\/jorgezanoni.com.br\/2019\/wp-json\/wp\/v2\/tags?post=66632"}],"curies":[{"name":"wp","href":"https:\/\/api.w.org\/{rel}","templated":true}]}}