{"id":66624,"date":"2022-07-19T21:57:37","date_gmt":"2022-07-19T21:57:37","guid":{"rendered":"https:\/\/jorgezanoni.com.br\/2019\/?p=66624"},"modified":"2022-07-19T21:57:37","modified_gmt":"2022-07-19T21:57:37","slug":"uma-reflexao-sobre-a-santa-igreja-universal","status":"publish","type":"post","link":"https:\/\/jorgezanoni.com.br\/2019\/uma-reflexao-sobre-a-santa-igreja-universal\/","title":{"rendered":"Uma reflex\u00e3o sobre a Santa Igreja Universal&#8230;"},"content":{"rendered":"<p style=\"text-align: justify;\"><strong>UMA REFLEX\u00c3O SOBRE A SANTA IGREJA UNIVERSAL&#8230;<\/strong><em>\u00a0<\/em><\/p>\n<p style=\"text-align: justify;\"><em>\u201c\u00c9 o mais estreito do desfiladeiro que come\u00e7a o vale\u201d.(Prov\u00e9rbio Persa)<\/em><\/p>\n<p style=\"text-align: justify;\"><strong><em>S\u00e9rgio Barbosa (*)<\/em><\/strong><\/p>\n<p style=\"text-align: justify;\">A denominada Santa Igreja Universal continua dando o que falar na m\u00eddia tupiniquim, ainda mais, quando o Pa\u00eds do faz de conta se volta para mais um pleito eleitoral para fazer a diferen\u00e7a para uma mesmice de sempre com rela\u00e7\u00e3o \u00e0s trocas nada simb\u00f3licas nas pol\u00edticas estadual e federal&#8230;<\/p>\n<p style=\"text-align: justify;\">Por\u00e9m, diz a frase do criador, \u201cnada se cria, tudo se copia\u201d, portanto, tais desencontros continuam levando adiante o lado sagrado em meio ao profano dos tupiniquins, todavia, a Santa Igreja Universal apresenta diversos caminhos para uma mesma salva\u00e7\u00e3o ao pecador, destoando da dogm\u00e1tica sagrada os mandamentos da profana\u00e7\u00e3o do homem com o seu pseudocriador&#8230;<\/p>\n<p style=\"text-align: justify;\">Neste contexto religioso, quando o planeta anda vivendo os eternos conflitos em nome desta ou daquela religi\u00e3o, faz-se necess\u00e1rio ressaltar a luta da chamada \u201cIgreja m\u00e3e\u201d pela unifica\u00e7\u00e3o das muitas denomina\u00e7\u00f5es patrocinadas pelo cristianismo em nome do seu profeta maior, Jesus Cristo&#8230;<\/p>\n<p style=\"text-align: justify;\">Mas, nem tudo pode ser salvo em nome desta ou daquela religi\u00e3o, haja vista as propostas dos seus profetas com rela\u00e7\u00e3o aos seus seguidores neste Planeta Terra&#8230;<\/p>\n<p style=\"text-align: justify;\">A Hist\u00f3ria da Igreja \u00e9 rica em fatos e temas afins aos interesses da outra hist\u00f3ria, a secular, portanto, basta uma pesquisa em maiores questionamentos nesta \u00e1rea para uma reflex\u00e3o abastada sobre como o cristianismo sobreviveu nestes dois mil anos&#8230;<\/p>\n<p style=\"text-align: justify;\">N\u00e3o se pode fazer de conta contra os fatos hist\u00f3ricos, mesmo quando os mesmos s\u00e3o retratados pela \u00f3tica dos vencedores de sempre, por\u00e9m, nem tudo ficou perdido nas catacumbas do outro tempo, portanto, a busca pela contextualiza\u00e7\u00e3o da hist\u00f3ria da igreja (sic) \u00e9 o ponto inicial para um encontro com o meio e quem sabe, finalizar com chave de ouro&#8230;<\/p>\n<p style=\"text-align: justify;\">As muitas hist\u00f3rias, denominadas b\u00edblicas pelo Livro Sagrado do cristianismo, a B\u00edblia, pode levar para muitos lugares de um mesmo local, para isto, basta andar pelas mensagens atribu\u00eddas aos ap\u00f3stolos do Novo Testamento&#8230;<\/p>\n<p style=\"text-align: justify;\">Neste foco, a confus\u00e3o \u00e9 evidente para os interessados em geral, os desencontros b\u00edblicos fazem parte do cen\u00e1rio entre emissor, mensagem e receptor, caracterizando uma outra proposta pela comunica\u00e7\u00e3o, neste caso espec\u00edfico, a mensagem \u00e9 trocada pelo c\u00f3digo, assim, o receptor ter\u00e1 que buscar um decodificador para que possa entender a mensagem&#8230;<\/p>\n<p style=\"text-align: justify;\">Dentre as denominadas grandes religi\u00f5es do mundo, o cristianismo apresenta um profeta que ressuscitou, tal fato garante um ponto a mais sobre as outras, entretanto, os donos do poder sacramental em v\u00e1rios n\u00edveis denominacionais&#8230;<\/p>\n<p style=\"text-align: justify;\">Ou seja, at\u00e9 mesmo os oriundos da reforma protestante ou contra reforma, tamb\u00e9m, \u201cpecam\u201d pela mesma mensagem, deixando de lado, quest\u00f5es importantes para o cristianismo em meio \u00e0s comemora\u00e7\u00f5es religiosas da igreja m\u00e3e e quando o movimento da reforma preconizado por Martin Lutero est\u00e1 sempre com suas comemora\u00e7\u00f5es por meio dos desencontros mediados pela Hist\u00f3ria oficial de sempre&#8230;<\/p>\n<p style=\"text-align: justify;\">QUEM SOBREVIVER VAI SABER&#8230;<\/p>\n<p style=\"text-align: justify;\"><strong><em>_____________________________________<\/em><\/strong><\/p>\n<p style=\"text-align: justify;\"><strong><em>(*) Jornalista diplomado, Mestre em Ci\u00eancias da Religi\u00e3o\/Sociologia da Religi\u00e3o\u00a0 pela UMESP-Universidade Metodista de S\u00e3o Paulo e professor do curso de Hist\u00f3ria da UniFAI.<\/em><\/strong><\/p>\n<p style=\"text-align: justify;\"><strong><em>e-mail: <a href=\"mailto:barbosa.sebar@gmail.com\">barbosa.sebar@gmail.com<\/a><\/em><\/strong><\/p>\n<p><em>\u00a0<\/em><\/p>\n<p>&nbsp;<\/p>\n<p>&nbsp;<\/p>\n","protected":false},"excerpt":{"rendered":"<p>UMA REFLEX\u00c3O SOBRE A SANTA IGREJA UNIVERSAL&#8230;\u00a0 \u201c\u00c9 o mais estreito do desfiladeiro que come\u00e7a o vale\u201d.(Prov\u00e9rbio Persa) S\u00e9rgio Barbosa (*) A denominada Santa Igreja Universal continua dando o que falar na m\u00eddia tupiniquim, ainda mais, quando o Pa\u00eds do faz de conta se volta para mais um pleito eleitoral para fazer a diferen\u00e7a para [&hellip;]<\/p>\n","protected":false},"author":1,"featured_media":66625,"comment_status":"closed","ping_status":"open","sticky":false,"template":"","format":"standard","meta":{"footnotes":""},"categories":[175],"tags":[],"class_list":["post-66624","post","type-post","status-publish","format-standard","has-post-thumbnail","hentry","category-artigos"],"_links":{"self":[{"href":"https:\/\/jorgezanoni.com.br\/2019\/wp-json\/wp\/v2\/posts\/66624","targetHints":{"allow":["GET"]}}],"collection":[{"href":"https:\/\/jorgezanoni.com.br\/2019\/wp-json\/wp\/v2\/posts"}],"about":[{"href":"https:\/\/jorgezanoni.com.br\/2019\/wp-json\/wp\/v2\/types\/post"}],"author":[{"embeddable":true,"href":"https:\/\/jorgezanoni.com.br\/2019\/wp-json\/wp\/v2\/users\/1"}],"replies":[{"embeddable":true,"href":"https:\/\/jorgezanoni.com.br\/2019\/wp-json\/wp\/v2\/comments?post=66624"}],"version-history":[{"count":1,"href":"https:\/\/jorgezanoni.com.br\/2019\/wp-json\/wp\/v2\/posts\/66624\/revisions"}],"predecessor-version":[{"id":66626,"href":"https:\/\/jorgezanoni.com.br\/2019\/wp-json\/wp\/v2\/posts\/66624\/revisions\/66626"}],"wp:featuredmedia":[{"embeddable":true,"href":"https:\/\/jorgezanoni.com.br\/2019\/wp-json\/wp\/v2\/media\/66625"}],"wp:attachment":[{"href":"https:\/\/jorgezanoni.com.br\/2019\/wp-json\/wp\/v2\/media?parent=66624"}],"wp:term":[{"taxonomy":"category","embeddable":true,"href":"https:\/\/jorgezanoni.com.br\/2019\/wp-json\/wp\/v2\/categories?post=66624"},{"taxonomy":"post_tag","embeddable":true,"href":"https:\/\/jorgezanoni.com.br\/2019\/wp-json\/wp\/v2\/tags?post=66624"}],"curies":[{"name":"wp","href":"https:\/\/api.w.org\/{rel}","templated":true}]}}