{"id":6662,"date":"2019-09-19T16:16:58","date_gmt":"2019-09-19T16:16:58","guid":{"rendered":"https:\/\/jorgezanoni.com.br\/2019\/?p=6662"},"modified":"2019-09-19T16:16:58","modified_gmt":"2019-09-19T16:16:58","slug":"dracena-sediara-festival-paralimpico-neste-sabado-21","status":"publish","type":"post","link":"https:\/\/jorgezanoni.com.br\/2019\/dracena-sediara-festival-paralimpico-neste-sabado-21\/","title":{"rendered":"Dracena sediar\u00e1 Festival Paral\u00edmpico neste s\u00e1bado (21)"},"content":{"rendered":"<p style=\"text-align: justify;\">Neste s\u00e1bado, 21, o Comit\u00ea Paral\u00edmpico Brasileiro (CPB) realiza a segunda edi\u00e7\u00e3o do Festival Paral\u00edmpico, em comemora\u00e7\u00e3o ao Dia do Atleta Paral\u00edmpico, celebrado no dia seguinte (22 de setembro).<\/p>\n<p><img loading=\"lazy\" decoding=\"async\" class=\"alignnone size-full wp-image-6663\" src=\"https:\/\/jorgezanoni.com.br\/2019\/wp-content\/uploads\/2019\/09\/para1.jpeg\" alt=\"\" width=\"1040\" height=\"585\" srcset=\"https:\/\/jorgezanoni.com.br\/2019\/wp-content\/uploads\/2019\/09\/para1.jpeg 1040w, https:\/\/jorgezanoni.com.br\/2019\/wp-content\/uploads\/2019\/09\/para1-300x169.jpeg 300w, https:\/\/jorgezanoni.com.br\/2019\/wp-content\/uploads\/2019\/09\/para1-768x432.jpeg 768w, https:\/\/jorgezanoni.com.br\/2019\/wp-content\/uploads\/2019\/09\/para1-1024x576.jpeg 1024w, https:\/\/jorgezanoni.com.br\/2019\/wp-content\/uploads\/2019\/09\/para1-696x392.jpeg 696w, https:\/\/jorgezanoni.com.br\/2019\/wp-content\/uploads\/2019\/09\/para1-747x420.jpeg 747w\" sizes=\"auto, (max-width: 1040px) 100vw, 1040px\" \/><\/p>\n<p style=\"text-align: justify;\">Ao todo, 70 cidades receber\u00e3o o evento que tem como objetivo promover a experimenta\u00e7\u00e3o do esporte adaptado a cerca de 11 mil crian\u00e7as, com faixa et\u00e1ria de 10 a 17 anos.\u00a0Dracena \u00e9 uma das cidades contempladas e realizar\u00e1 o Festival no Gin\u00e1sio Municipal de Esportes Alaor Ferrari.<\/p>\n<p style=\"text-align: justify;\">O evento no munic\u00edpio tem como coordenadores J\u00falio Cesar Monteiro (Log\u00edstico) e Lu\u00eds Gustavo Venerato, e \u00e9 organizado com o apoio da Prefeitura de Dracena, atrav\u00e9s da Secretaria Municipal de Educa\u00e7\u00e3o. A programa\u00e7\u00e3o ter\u00e1 dura\u00e7\u00e3o de tr\u00eas horas &#8211; das 8h30 \u00e0s 11h30, com tr\u00eas modalidades: goalball, v\u00f4lei sentado e futebol de cinco.<\/p>\n<p><img loading=\"lazy\" decoding=\"async\" class=\"alignnone size-full wp-image-6664\" src=\"https:\/\/jorgezanoni.com.br\/2019\/wp-content\/uploads\/2019\/09\/Para2.jpeg\" alt=\"\" width=\"1040\" height=\"585\" srcset=\"https:\/\/jorgezanoni.com.br\/2019\/wp-content\/uploads\/2019\/09\/Para2.jpeg 1040w, https:\/\/jorgezanoni.com.br\/2019\/wp-content\/uploads\/2019\/09\/Para2-300x169.jpeg 300w, https:\/\/jorgezanoni.com.br\/2019\/wp-content\/uploads\/2019\/09\/Para2-768x432.jpeg 768w, https:\/\/jorgezanoni.com.br\/2019\/wp-content\/uploads\/2019\/09\/Para2-1024x576.jpeg 1024w, https:\/\/jorgezanoni.com.br\/2019\/wp-content\/uploads\/2019\/09\/Para2-696x392.jpeg 696w, https:\/\/jorgezanoni.com.br\/2019\/wp-content\/uploads\/2019\/09\/Para2-747x420.jpeg 747w\" sizes=\"auto, (max-width: 1040px) 100vw, 1040px\" \/><\/p>\n<p style=\"text-align: justify;\">Profissionais de Educa\u00e7\u00e3o F\u00edsica e volunt\u00e1rios conduzir\u00e3o a programa\u00e7\u00e3o em cada n\u00facleo.<\/p>\n<p style=\"text-align: justify;\">O prefeito destaca que a expectativa para o Festival Paral\u00edmpico \u00e9 grande e refor\u00e7a que a\u00e7\u00f5es como esta fomentam a participa\u00e7\u00e3o nas diversas formas de manifesta\u00e7\u00e3o esportiva organizada e promovem a ampla mobiliza\u00e7\u00e3o das crian\u00e7as e jovens em torno do esporte.<\/p>\n<p style=\"text-align: justify;\">\u201c\u00c9 uma a\u00e7\u00e3o que valoriza os participantes como indiv\u00edduo atuante na sociedade. Investir em projetos que atendam alunos com defici\u00eancia sempre foi prioridade em meu governo. Somos refer\u00eancia nesse meio e o trabalho de toda equipe para integrar e incentivar as pessoas com defici\u00eancia tem sido um diferencial\u201d, aponta Bertolini.<\/p>\n<p style=\"text-align: justify;\"><strong>INSCRI\u00c7\u00d5ES<\/strong><\/p>\n<p style=\"text-align: justify;\">Poder\u00e3o participar crian\u00e7as com faixa et\u00e1ria de 10 a 17 anos, com e sem defici\u00eancia. A inten\u00e7\u00e3o \u00e9 de mobilizar pessoas com defici\u00eancia em todo o territ\u00f3rio brasileiro por meio das atividades.<\/p>\n<p style=\"text-align: justify;\">As inscri\u00e7\u00f5es em Dracena devem ser feitas at\u00e9 sexta-feira (20), pelos telefones (18) 99708-4883 e (18) 99790-5816, com o coordenador do Festival, professor Monteiro. A participa\u00e7\u00e3o \u00e9 livre e gratuita para as crian\u00e7as, com ou sem defici\u00eancia.<\/p>\n<p>Fonte: Diretoria de Comunica\u00e7\u00e3o<\/p>\n","protected":false},"excerpt":{"rendered":"<p>Neste s\u00e1bado, 21, o Comit\u00ea Paral\u00edmpico Brasileiro (CPB) realiza a segunda edi\u00e7\u00e3o do Festival Paral\u00edmpico, em comemora\u00e7\u00e3o ao Dia do Atleta Paral\u00edmpico, celebrado no dia seguinte (22 de setembro). Ao todo, 70 cidades receber\u00e3o o evento que tem como objetivo promover a experimenta\u00e7\u00e3o do esporte adaptado a cerca de 11 mil crian\u00e7as, com faixa et\u00e1ria [&hellip;]<\/p>\n","protected":false},"author":1,"featured_media":6665,"comment_status":"closed","ping_status":"open","sticky":false,"template":"","format":"standard","meta":{"footnotes":""},"categories":[111],"tags":[],"class_list":["post-6662","post","type-post","status-publish","format-standard","has-post-thumbnail","hentry","category-esporteecultura"],"_links":{"self":[{"href":"https:\/\/jorgezanoni.com.br\/2019\/wp-json\/wp\/v2\/posts\/6662","targetHints":{"allow":["GET"]}}],"collection":[{"href":"https:\/\/jorgezanoni.com.br\/2019\/wp-json\/wp\/v2\/posts"}],"about":[{"href":"https:\/\/jorgezanoni.com.br\/2019\/wp-json\/wp\/v2\/types\/post"}],"author":[{"embeddable":true,"href":"https:\/\/jorgezanoni.com.br\/2019\/wp-json\/wp\/v2\/users\/1"}],"replies":[{"embeddable":true,"href":"https:\/\/jorgezanoni.com.br\/2019\/wp-json\/wp\/v2\/comments?post=6662"}],"version-history":[{"count":0,"href":"https:\/\/jorgezanoni.com.br\/2019\/wp-json\/wp\/v2\/posts\/6662\/revisions"}],"wp:featuredmedia":[{"embeddable":true,"href":"https:\/\/jorgezanoni.com.br\/2019\/wp-json\/wp\/v2\/media\/6665"}],"wp:attachment":[{"href":"https:\/\/jorgezanoni.com.br\/2019\/wp-json\/wp\/v2\/media?parent=6662"}],"wp:term":[{"taxonomy":"category","embeddable":true,"href":"https:\/\/jorgezanoni.com.br\/2019\/wp-json\/wp\/v2\/categories?post=6662"},{"taxonomy":"post_tag","embeddable":true,"href":"https:\/\/jorgezanoni.com.br\/2019\/wp-json\/wp\/v2\/tags?post=6662"}],"curies":[{"name":"wp","href":"https:\/\/api.w.org\/{rel}","templated":true}]}}