{"id":6657,"date":"2019-09-19T16:01:01","date_gmt":"2019-09-19T16:01:01","guid":{"rendered":"https:\/\/jorgezanoni.com.br\/2019\/?p=6657"},"modified":"2019-09-19T16:01:01","modified_gmt":"2019-09-19T16:01:01","slug":"comecou-a-programacao-da-semana-nacional-do-transito-em-dracena","status":"publish","type":"post","link":"https:\/\/jorgezanoni.com.br\/2019\/comecou-a-programacao-da-semana-nacional-do-transito-em-dracena\/","title":{"rendered":"Come\u00e7ou a programa\u00e7\u00e3o da Semana Nacional do Tr\u00e2nsito em Dracena"},"content":{"rendered":"<p style=\"text-align: justify;\">Come\u00e7ou nesta quarta-feira (18) a Semana Nacional do Tr\u00e2nsito em Dracena (SNT). O intuito dessa campanha educativa \u00e9\u00a0de conscientizar motoristas e demais usu\u00e1rios da via, diminuir o n\u00famero de acidentes, sensibilizar a sociedade e valorizar a vida daqueles que est\u00e3o mais vulner\u00e1veis no tr\u00e2nsito: pedestres, ciclistas e motociclistas.<\/p>\n<p><img loading=\"lazy\" decoding=\"async\" class=\"alignnone size-full wp-image-6658\" src=\"https:\/\/jorgezanoni.com.br\/2019\/wp-content\/uploads\/2019\/09\/transito-1.jpg\" alt=\"\" width=\"1024\" height=\"683\" srcset=\"https:\/\/jorgezanoni.com.br\/2019\/wp-content\/uploads\/2019\/09\/transito-1.jpg 1024w, https:\/\/jorgezanoni.com.br\/2019\/wp-content\/uploads\/2019\/09\/transito-1-300x200.jpg 300w, https:\/\/jorgezanoni.com.br\/2019\/wp-content\/uploads\/2019\/09\/transito-1-768x512.jpg 768w, https:\/\/jorgezanoni.com.br\/2019\/wp-content\/uploads\/2019\/09\/transito-1-696x464.jpg 696w, https:\/\/jorgezanoni.com.br\/2019\/wp-content\/uploads\/2019\/09\/transito-1-630x420.jpg 630w\" sizes=\"auto, (max-width: 1024px) 100vw, 1024px\" \/><\/p>\n<p style=\"text-align: justify;\">A iniciativa \u00e9 caracterizada por uma s\u00e9rie de eventos e a\u00e7\u00f5es educativas, promovidas por \u00f3rg\u00e3os e entidades que integram o Sistema Nacional de Tr\u00e2nsito. Todos os anos o Conselho Nacional de Tr\u00e2nsito (Contran) escolhe um tema como pano de fundo para as a\u00e7\u00f5es da Semana, e o de 2019 \u00e9 \u201cNo tr\u00e2nsito, d\u00ea sentido \u00e0 vida\u201d.<\/p>\n<p style=\"text-align: justify;\">Em Dracena a SNT conta com o apoio da Prefeitura, Diretoria de Assuntos Vi\u00e1rios, C\u00e2mara Municipal, Conseg, Pol\u00edcia Militar, Detran de Dracena e o Lions Clube que representa a sociedade civil.<\/p>\n<p><img loading=\"lazy\" decoding=\"async\" class=\"alignnone size-full wp-image-6659\" src=\"https:\/\/jorgezanoni.com.br\/2019\/wp-content\/uploads\/2019\/09\/transito1-1.jpg\" alt=\"\" width=\"1024\" height=\"680\" srcset=\"https:\/\/jorgezanoni.com.br\/2019\/wp-content\/uploads\/2019\/09\/transito1-1.jpg 1024w, https:\/\/jorgezanoni.com.br\/2019\/wp-content\/uploads\/2019\/09\/transito1-1-300x199.jpg 300w, https:\/\/jorgezanoni.com.br\/2019\/wp-content\/uploads\/2019\/09\/transito1-1-768x510.jpg 768w, https:\/\/jorgezanoni.com.br\/2019\/wp-content\/uploads\/2019\/09\/transito1-1-696x462.jpg 696w, https:\/\/jorgezanoni.com.br\/2019\/wp-content\/uploads\/2019\/09\/transito1-1-632x420.jpg 632w\" sizes=\"auto, (max-width: 1024px) 100vw, 1024px\" \/><\/p>\n<p style=\"text-align: justify;\">Na Pra\u00e7a Arthur Pagnozzi, foi colocado em exposi\u00e7\u00e3o um carro acidentado, fornecido pelo Detran, o objetivo \u00e9 impactar a popula\u00e7\u00e3o mostrando como fica um carro ap\u00f3s um grave acidente. No s\u00e1bado (21) pela manh\u00e3, haver\u00e1 a\u00e7\u00e3o educativa junto \u00e0 comunidade com a participa\u00e7\u00e3o da Diretoria de Assuntos Vi\u00e1rios, Detran\/SP e Lions Clube.<\/p>\n<p style=\"text-align: justify;\">Ser\u00e3o realizadas palestras nas escolas da rede municipal de ensino.<\/p>\n<p style=\"text-align: justify;\">Confira abaixo o cronograma:<\/p>\n<p style=\"text-align: justify;\">\u00a0 \u00a0 18\/09 &#8211; Quarta-feira \u2013 In\u00edcio da campanha com exposi\u00e7\u00e3o de ve\u00edculo acidentado<\/p>\n<p style=\"text-align: justify;\">\u00a0 \u00a0\u00a019\/09 &#8211; Quinta-feira \u2013 Nove de Julho \u2013 08h00 \u2013 Palestra<\/p>\n<p style=\"text-align: justify;\">\u00a0\u00a0\u00a0 21\/09 \u2013 S\u00e1bado \u2013 A\u00e7\u00e3o Educativa \u2013 Pra\u00e7a Arthur Pagnozzi \u2013 08h00<\/p>\n<p style=\"text-align: justify;\">\u00a0 \u00a0\u00a024\/09 &#8211; Ter\u00e7a-feira \u2013 Isac Pereira Garcez \u2013 08h30 e 14h00 \u2013 Palestra<\/p>\n<p style=\"text-align: justify;\">\u00a0 \u00a0\u00a025\/09 &#8211; Quarta-feira \u2013 Alfredo Machado \u2013 11h00\u00a0\u2013 Palestra<\/p>\n<p>Fonte: Diretoria de Comunica\u00e7\u00e3o<\/p>\n","protected":false},"excerpt":{"rendered":"<p>Come\u00e7ou nesta quarta-feira (18) a Semana Nacional do Tr\u00e2nsito em Dracena (SNT). O intuito dessa campanha educativa \u00e9\u00a0de conscientizar motoristas e demais usu\u00e1rios da via, diminuir o n\u00famero de acidentes, sensibilizar a sociedade e valorizar a vida daqueles que est\u00e3o mais vulner\u00e1veis no tr\u00e2nsito: pedestres, ciclistas e motociclistas. A iniciativa \u00e9 caracterizada por uma s\u00e9rie [&hellip;]<\/p>\n","protected":false},"author":1,"featured_media":6660,"comment_status":"closed","ping_status":"open","sticky":false,"template":"","format":"standard","meta":{"footnotes":""},"categories":[180],"tags":[],"class_list":["post-6657","post","type-post","status-publish","format-standard","has-post-thumbnail","hentry","category-estradastransitoveiculos"],"_links":{"self":[{"href":"https:\/\/jorgezanoni.com.br\/2019\/wp-json\/wp\/v2\/posts\/6657","targetHints":{"allow":["GET"]}}],"collection":[{"href":"https:\/\/jorgezanoni.com.br\/2019\/wp-json\/wp\/v2\/posts"}],"about":[{"href":"https:\/\/jorgezanoni.com.br\/2019\/wp-json\/wp\/v2\/types\/post"}],"author":[{"embeddable":true,"href":"https:\/\/jorgezanoni.com.br\/2019\/wp-json\/wp\/v2\/users\/1"}],"replies":[{"embeddable":true,"href":"https:\/\/jorgezanoni.com.br\/2019\/wp-json\/wp\/v2\/comments?post=6657"}],"version-history":[{"count":0,"href":"https:\/\/jorgezanoni.com.br\/2019\/wp-json\/wp\/v2\/posts\/6657\/revisions"}],"wp:featuredmedia":[{"embeddable":true,"href":"https:\/\/jorgezanoni.com.br\/2019\/wp-json\/wp\/v2\/media\/6660"}],"wp:attachment":[{"href":"https:\/\/jorgezanoni.com.br\/2019\/wp-json\/wp\/v2\/media?parent=6657"}],"wp:term":[{"taxonomy":"category","embeddable":true,"href":"https:\/\/jorgezanoni.com.br\/2019\/wp-json\/wp\/v2\/categories?post=6657"},{"taxonomy":"post_tag","embeddable":true,"href":"https:\/\/jorgezanoni.com.br\/2019\/wp-json\/wp\/v2\/tags?post=6657"}],"curies":[{"name":"wp","href":"https:\/\/api.w.org\/{rel}","templated":true}]}}