{"id":66549,"date":"2022-07-18T21:28:02","date_gmt":"2022-07-18T21:28:02","guid":{"rendered":"https:\/\/jorgezanoni.com.br\/2019\/?p=66549"},"modified":"2022-07-18T21:28:02","modified_gmt":"2022-07-18T21:28:02","slug":"fapidra-comeca-na-quarta-feira-e-destaca-unidades-escolares-da-fundec","status":"publish","type":"post","link":"https:\/\/jorgezanoni.com.br\/2019\/fapidra-comeca-na-quarta-feira-e-destaca-unidades-escolares-da-fundec\/","title":{"rendered":"Fapidra come\u00e7a na quarta-feira e destaca unidades escolares da Fundec"},"content":{"rendered":"<p style=\"text-align: justify;\"><i><strong><span style=\"font-size: large;\">Tradicional festa volta a ser realizada ap\u00f3s dois anos suspensa em raz\u00e3o da pandemia.<\/span><\/strong><br \/>\n<\/i><br \/>\n<span style=\"font-size: large;\">A Fundec participa da retomada da Fapidra e divulga suas unidades escolares na tradicional feira de Dracena, falando sobre o ensino fundamental e m\u00e9dio do Col\u00e9gio Anglo-CID, os cursos t\u00e9cnicos do CEP\/UME e os cursos superiores da Unifadra. A Fapidra ser\u00e1 realizada nos dias 20 a 24 de julho de 2022, no Recinto do Sindicato Rural, ap\u00f3s dois anos suspensa em raz\u00e3o da pandemia.<\/span><\/p>\n<p><span style=\"font-size: large;\">Por meio de locu\u00e7\u00e3o comercial, o variado p\u00fablico da Fapidra ser\u00e1 informado sobre as campanhas de vestibulares da Unifadra, que est\u00e3o com inscri\u00e7\u00f5es abertas at\u00e9 29\/07, e tamb\u00e9m vai conhecer o Ensino M\u00e9dio integrado ao T\u00e9cnico em Jogos Digitais, uma nova oportunidade para quem deseja concluir os estudos e ingressar rapidamente no mercado de trabalho.<\/span><\/p>\n<p><span style=\"font-size: large;\">Al\u00e9m de curtir os shows, o p\u00fablico ir\u00e1 conhecer as solu\u00e7\u00f5es educacionais oferecidas pelo Anglo-CID, CEP\/UME e Unifadra, que englobam todas as etapas de desenvolvimento do ser humano em sua forma\u00e7\u00e3o e profissionaliza\u00e7\u00e3o. E por meio dos v\u00eddeos, poder\u00e1 conhecer melhor a infraestrutura de todas as unidades escolares.<\/span><\/p>\n<p><span style=\"font-size: large;\"><b>Vestibular Unifadra<\/b>\u00a0(reserva de vagas 2023)<\/span><br \/>\n<span style=\"font-size: large;\">Prova Presencial | Prova On-line | Nota do ENEM<\/span><br \/>\n<span style=\"font-size: large;\"><b>Inscri\u00e7\u00f5es<\/b>: at\u00e9 29\/07 (<a href=\"https:\/\/fundec.edu.br\/vestibular\" target=\"_blank\" rel=\"noopener noreferrer\">https:\/\/fundec.edu.br\/vestibular<\/a>)<\/span><br \/>\n<span style=\"font-size: large;\"><b>Matr\u00edculas<\/b>: at\u00e9 16\/09, com isen\u00e7\u00e3o da taxa de matr\u00edcula e 25% de desconto nas mensalidades<\/span><\/p>\n<p><span style=\"font-size: large;\"><b>Cursos T\u00e9cnicos do CEP\/UME<\/b><\/span><br \/>\n<span style=\"font-size: large;\">Enfermagem | Est\u00e9tica | Radiologia | Edifica\u00e7\u00f5es | Seguran\u00e7a do Trabalho<\/span><br \/>\n<span style=\"font-size: large;\"><b>Matr\u00edculas abertas<\/b>: (18) 3821-9004 | (18) 99802-1237 (Whatsapp)<\/span><\/p>\n<p><span style=\"font-size: large;\"><b>Ensino M\u00e9dio Integrado ao T\u00e9cnico em Jogos Digitais\u00a0<\/b>(reserva de vagas 2023)<\/span><br \/>\n<span style=\"font-size: large;\"><b>Saiba mais<\/b>:\u00a0<a href=\"https:\/\/fundec.edu.br\/jogosdigitais\" target=\"_blank\" rel=\"noopener noreferrer\">https:\/\/fundec.edu.br\/jogosdigitais<\/a><\/span><\/p>\n<p>Fonte: Depto. de Comunica\u00e7\u00e3o da Fundec<\/p>\n","protected":false},"excerpt":{"rendered":"<p>Tradicional festa volta a ser realizada ap\u00f3s dois anos suspensa em raz\u00e3o da pandemia. A Fundec participa da retomada da Fapidra e divulga suas unidades escolares na tradicional feira de Dracena, falando sobre o ensino fundamental e m\u00e9dio do Col\u00e9gio Anglo-CID, os cursos t\u00e9cnicos do CEP\/UME e os cursos superiores da Unifadra. A Fapidra ser\u00e1 [&hellip;]<\/p>\n","protected":false},"author":1,"featured_media":66550,"comment_status":"closed","ping_status":"open","sticky":false,"template":"","format":"standard","meta":{"footnotes":""},"categories":[110,122],"tags":[],"class_list":["post-66549","post","type-post","status-publish","format-standard","has-post-thumbnail","hentry","category-noticiasdestaque","category-saudeeducacaoeconcurso"],"_links":{"self":[{"href":"https:\/\/jorgezanoni.com.br\/2019\/wp-json\/wp\/v2\/posts\/66549","targetHints":{"allow":["GET"]}}],"collection":[{"href":"https:\/\/jorgezanoni.com.br\/2019\/wp-json\/wp\/v2\/posts"}],"about":[{"href":"https:\/\/jorgezanoni.com.br\/2019\/wp-json\/wp\/v2\/types\/post"}],"author":[{"embeddable":true,"href":"https:\/\/jorgezanoni.com.br\/2019\/wp-json\/wp\/v2\/users\/1"}],"replies":[{"embeddable":true,"href":"https:\/\/jorgezanoni.com.br\/2019\/wp-json\/wp\/v2\/comments?post=66549"}],"version-history":[{"count":1,"href":"https:\/\/jorgezanoni.com.br\/2019\/wp-json\/wp\/v2\/posts\/66549\/revisions"}],"predecessor-version":[{"id":66551,"href":"https:\/\/jorgezanoni.com.br\/2019\/wp-json\/wp\/v2\/posts\/66549\/revisions\/66551"}],"wp:featuredmedia":[{"embeddable":true,"href":"https:\/\/jorgezanoni.com.br\/2019\/wp-json\/wp\/v2\/media\/66550"}],"wp:attachment":[{"href":"https:\/\/jorgezanoni.com.br\/2019\/wp-json\/wp\/v2\/media?parent=66549"}],"wp:term":[{"taxonomy":"category","embeddable":true,"href":"https:\/\/jorgezanoni.com.br\/2019\/wp-json\/wp\/v2\/categories?post=66549"},{"taxonomy":"post_tag","embeddable":true,"href":"https:\/\/jorgezanoni.com.br\/2019\/wp-json\/wp\/v2\/tags?post=66549"}],"curies":[{"name":"wp","href":"https:\/\/api.w.org\/{rel}","templated":true}]}}