{"id":66546,"date":"2022-07-18T16:28:37","date_gmt":"2022-07-18T16:28:37","guid":{"rendered":"https:\/\/jorgezanoni.com.br\/2019\/?p=66546"},"modified":"2022-07-18T16:28:37","modified_gmt":"2022-07-18T16:28:37","slug":"unifadra-abre-processo-seletivo-de-medicina-para-portadores-de-diploma","status":"publish","type":"post","link":"https:\/\/jorgezanoni.com.br\/2019\/unifadra-abre-processo-seletivo-de-medicina-para-portadores-de-diploma\/","title":{"rendered":"Unifadra abre Processo Seletivo de Medicina para Portadores de Diploma"},"content":{"rendered":"<p style=\"text-align: justify;\"><i><strong><span style=\"font-size: large;\">Podem concorrer \u00e0s vagas portadores de diploma de curso superior de todas as \u00e1reas.<\/span><\/strong><br \/>\n<\/i><br \/>\n<span style=\"font-size: large;\">A Unifadra Dracena est\u00e1 com inscri\u00e7\u00f5es abertas, at\u00e9 o dia 12\/08, para o Processo Seletivo para pessoas portadoras de diploma de curso superior. Os candidatos aprovados ir\u00e3o ingressar no 1\u00ba termo do curso de Medicina no ano letivo de 2023.<\/span><\/p>\n<p><span style=\"font-size: large;\">Os interessados devem ser portadores de diploma de curso superior de institui\u00e7\u00f5es em situa\u00e7\u00e3o regular com o Minist\u00e9rio da Educa\u00e7\u00e3o ou Conselhos Estaduais de Educa\u00e7\u00e3o. A documenta\u00e7\u00e3o para inscri\u00e7\u00e3o exigida no edital deve ser enviada digitalmente e dentro do prazo estipulado.<\/span><\/p>\n<p><span style=\"font-size: large;\">Ser\u00e3o aceitos diplomas de n\u00edvel superior de todas as \u00e1reas e as inscri\u00e7\u00f5es devem ser feitas at\u00e9 o dia 12\/08, no site da Fundec (<a href=\"http:\/\/fundec.edu.br\/portadordiploma\" target=\"_blank\" rel=\"noopener noreferrer\">http:\/\/fundec.edu.br\/portadordiploma<\/a>). A prova ser\u00e1 realizada presencialmente no dia 20\/08, \u00e0s 14h, na Unifadra, em Dracena (SP).<\/span><\/p>\n<p><span style=\"font-size: large;\">O resultado ser\u00e1 divulgado no dia 29\/08 e as matr\u00edculas dever\u00e3o ser feitas pessoalmente pelos candidatos aprovados at\u00e9 o dia 09\/09. Mais informa\u00e7\u00f5es: (18) 3821-9004.<\/span><\/p>\n<p><b><span style=\"font-size: large;\">Processo Seletivo de Medicina para Portadores de Diploma<\/span><br \/>\n<\/b><span style=\"font-size: large;\"><b>Inscri\u00e7\u00f5es<\/b>: de 18\/07 a 12\/08\/2022 (<a href=\"http:\/\/fundec.edu.br\/portadordiploma\" target=\"_blank\" rel=\"noopener noreferrer\">http:\/\/fundec.edu.br\/portadordiploma<\/a>)<\/span><br \/>\n<span style=\"font-size: large;\"><b>Prova<\/b>: 20\/08, \u00e0s 14h<\/span><br \/>\n<span style=\"font-size: large;\"><b>Resultado<\/b>: dia 29\/08, ap\u00f3s as 14h<\/span><br \/>\n<span style=\"font-size: large;\"><b>Matr\u00edcula<\/b>: de 31\/08 a 09\/09<\/span><br \/>\n<span style=\"font-size: large;\"><b>In\u00edcio<\/b>: 1\u00ba termo do curso de Medicina no ano letivo de 2023<\/span><\/p>\n<p>Fonte: Depto. de Comunica\u00e7\u00e3o da Fundec<\/p>\n","protected":false},"excerpt":{"rendered":"<p>Podem concorrer \u00e0s vagas portadores de diploma de curso superior de todas as \u00e1reas. A Unifadra Dracena est\u00e1 com inscri\u00e7\u00f5es abertas, at\u00e9 o dia 12\/08, para o Processo Seletivo para pessoas portadoras de diploma de curso superior. Os candidatos aprovados ir\u00e3o ingressar no 1\u00ba termo do curso de Medicina no ano letivo de 2023. Os [&hellip;]<\/p>\n","protected":false},"author":1,"featured_media":66547,"comment_status":"closed","ping_status":"open","sticky":false,"template":"","format":"standard","meta":{"footnotes":""},"categories":[110,122],"tags":[],"class_list":["post-66546","post","type-post","status-publish","format-standard","has-post-thumbnail","hentry","category-noticiasdestaque","category-saudeeducacaoeconcurso"],"_links":{"self":[{"href":"https:\/\/jorgezanoni.com.br\/2019\/wp-json\/wp\/v2\/posts\/66546","targetHints":{"allow":["GET"]}}],"collection":[{"href":"https:\/\/jorgezanoni.com.br\/2019\/wp-json\/wp\/v2\/posts"}],"about":[{"href":"https:\/\/jorgezanoni.com.br\/2019\/wp-json\/wp\/v2\/types\/post"}],"author":[{"embeddable":true,"href":"https:\/\/jorgezanoni.com.br\/2019\/wp-json\/wp\/v2\/users\/1"}],"replies":[{"embeddable":true,"href":"https:\/\/jorgezanoni.com.br\/2019\/wp-json\/wp\/v2\/comments?post=66546"}],"version-history":[{"count":1,"href":"https:\/\/jorgezanoni.com.br\/2019\/wp-json\/wp\/v2\/posts\/66546\/revisions"}],"predecessor-version":[{"id":66548,"href":"https:\/\/jorgezanoni.com.br\/2019\/wp-json\/wp\/v2\/posts\/66546\/revisions\/66548"}],"wp:featuredmedia":[{"embeddable":true,"href":"https:\/\/jorgezanoni.com.br\/2019\/wp-json\/wp\/v2\/media\/66547"}],"wp:attachment":[{"href":"https:\/\/jorgezanoni.com.br\/2019\/wp-json\/wp\/v2\/media?parent=66546"}],"wp:term":[{"taxonomy":"category","embeddable":true,"href":"https:\/\/jorgezanoni.com.br\/2019\/wp-json\/wp\/v2\/categories?post=66546"},{"taxonomy":"post_tag","embeddable":true,"href":"https:\/\/jorgezanoni.com.br\/2019\/wp-json\/wp\/v2\/tags?post=66546"}],"curies":[{"name":"wp","href":"https:\/\/api.w.org\/{rel}","templated":true}]}}