{"id":66503,"date":"2022-07-17T12:46:42","date_gmt":"2022-07-17T12:46:42","guid":{"rendered":"https:\/\/jorgezanoni.com.br\/2019\/?p=66503"},"modified":"2022-07-17T13:42:11","modified_gmt":"2022-07-17T13:42:11","slug":"juliana-correa-deixa-o-comando-da-secretaria-da-educacao-em-dracena","status":"publish","type":"post","link":"https:\/\/jorgezanoni.com.br\/2019\/juliana-correa-deixa-o-comando-da-secretaria-da-educacao-em-dracena\/","title":{"rendered":"Juliana Corr\u00eaa deixa o comando da Secretaria da Educa\u00e7\u00e3o em Dracena"},"content":{"rendered":"<div class=\"post-header\">\n<div class=\"post-header-line-1\" style=\"text-align: justify;\">O prefeito Andr\u00e9 Lemos informou que anunciar\u00e1 nos pr\u00f3ximos dias um novo nome para o comando da Secretaria de Educa\u00e7\u00e3o da Cidade Milagre. A sa\u00edda de Juliana Corr\u00eaa do cargo de secret\u00e1ria surgiu na sexta-feira. Juliana fez agradecimentos em grupos de WhatsApp. A oficializa\u00e7\u00e3o da mudan\u00e7a ocorrer\u00e1 durante a semana. Juliana estava no cargo desde o in\u00edcio do mandato em janeiro de 2021.<\/div>\n<div><\/div>\n<div>Fonte: Bastidores da Not\u00edcia<\/div>\n<div>Foto Jorge Zanoni (Arquivo)<\/div>\n<\/div>\n<p>&nbsp;<\/p>\n<p>&nbsp;<\/p>\n<p>&nbsp;<\/p>\n<p>&nbsp;<\/p>\n<p>&nbsp;<\/p>\n<p>&nbsp;<\/p>\n<p>&nbsp;<\/p>\n<p>&nbsp;<\/p>\n","protected":false},"excerpt":{"rendered":"<p>O prefeito Andr\u00e9 Lemos informou que anunciar\u00e1 nos pr\u00f3ximos dias um novo nome para o comando da Secretaria de Educa\u00e7\u00e3o da Cidade Milagre. A sa\u00edda de Juliana Corr\u00eaa do cargo de secret\u00e1ria surgiu na sexta-feira. Juliana fez agradecimentos em grupos de WhatsApp. A oficializa\u00e7\u00e3o da mudan\u00e7a ocorrer\u00e1 durante a semana. Juliana estava no cargo desde [&hellip;]<\/p>\n","protected":false},"author":1,"featured_media":66504,"comment_status":"closed","ping_status":"open","sticky":false,"template":"","format":"standard","meta":{"footnotes":""},"categories":[179,184,110,122],"tags":[],"class_list":["post-66503","post","type-post","status-publish","format-standard","has-post-thumbnail","hentry","category-cidadeseregiao","category-dracena","category-noticiasdestaque","category-saudeeducacaoeconcurso"],"_links":{"self":[{"href":"https:\/\/jorgezanoni.com.br\/2019\/wp-json\/wp\/v2\/posts\/66503","targetHints":{"allow":["GET"]}}],"collection":[{"href":"https:\/\/jorgezanoni.com.br\/2019\/wp-json\/wp\/v2\/posts"}],"about":[{"href":"https:\/\/jorgezanoni.com.br\/2019\/wp-json\/wp\/v2\/types\/post"}],"author":[{"embeddable":true,"href":"https:\/\/jorgezanoni.com.br\/2019\/wp-json\/wp\/v2\/users\/1"}],"replies":[{"embeddable":true,"href":"https:\/\/jorgezanoni.com.br\/2019\/wp-json\/wp\/v2\/comments?post=66503"}],"version-history":[{"count":2,"href":"https:\/\/jorgezanoni.com.br\/2019\/wp-json\/wp\/v2\/posts\/66503\/revisions"}],"predecessor-version":[{"id":66522,"href":"https:\/\/jorgezanoni.com.br\/2019\/wp-json\/wp\/v2\/posts\/66503\/revisions\/66522"}],"wp:featuredmedia":[{"embeddable":true,"href":"https:\/\/jorgezanoni.com.br\/2019\/wp-json\/wp\/v2\/media\/66504"}],"wp:attachment":[{"href":"https:\/\/jorgezanoni.com.br\/2019\/wp-json\/wp\/v2\/media?parent=66503"}],"wp:term":[{"taxonomy":"category","embeddable":true,"href":"https:\/\/jorgezanoni.com.br\/2019\/wp-json\/wp\/v2\/categories?post=66503"},{"taxonomy":"post_tag","embeddable":true,"href":"https:\/\/jorgezanoni.com.br\/2019\/wp-json\/wp\/v2\/tags?post=66503"}],"curies":[{"name":"wp","href":"https:\/\/api.w.org\/{rel}","templated":true}]}}