{"id":66500,"date":"2022-07-16T23:06:44","date_gmt":"2022-07-16T23:06:44","guid":{"rendered":"https:\/\/jorgezanoni.com.br\/2019\/?p=66500"},"modified":"2022-07-16T23:06:44","modified_gmt":"2022-07-16T23:06:44","slug":"mulher-morre-e-cinco-pessoas-ficam-feridas-apos-batida-entre-carro-e-onibus-em-presidente-bernardes","status":"publish","type":"post","link":"https:\/\/jorgezanoni.com.br\/2019\/mulher-morre-e-cinco-pessoas-ficam-feridas-apos-batida-entre-carro-e-onibus-em-presidente-bernardes\/","title":{"rendered":"Mulher morre e cinco pessoas ficam feridas ap\u00f3s batida entre carro e \u00f4nibus em Presidente Bernardes"},"content":{"rendered":"<h2 class=\"content-head__subtitle\" style=\"text-align: justify;\"><strong>Colis\u00e3o frontal foi em estrada de acesso \u00e0 cidade, por volta das 18h40 deste s\u00e1bado (16). Tr\u00e2nsito ficou interditado nos dois sentidos durante o atendimento da ocorr\u00eancia, mas foi sinalizado e liberado.<\/strong><\/h2>\n<div class=\"mc-column content-text active-extra-styles \" style=\"text-align: justify;\" data-block-type=\"unstyled\" data-block-weight=\"28\" data-block-id=\"2\">\n<p class=\"content-text__container \" data-track-category=\"Link no Texto\" data-track-links=\"\">Um acidente entre um carro e um \u00f4nibus intermunicipal deixou uma v\u00edtima fatal, em\u00a0<a href=\"https:\/\/g1.globo.com\/sp\/presidente-prudente-regiao\/cidade\/presidente-bernardes-sp\/\">Presidente Bernardes (SP)<\/a>. A batida frontal aconteceu no in\u00edcio da noite deste s\u00e1bado (16).<\/p>\n<\/div>\n<div class=\"wall protected-content\">\n<div class=\"mc-column content-text active-extra-styles \" style=\"text-align: justify;\" data-block-type=\"unstyled\" data-block-weight=\"46\" data-block-id=\"3\">\n<p class=\"content-text__container \" data-track-category=\"Link no Texto\" data-track-links=\"\">A colis\u00e3o entre os dois ve\u00edculos foi ap\u00f3s o trevo da Rodovia Raposo Tavares (SP-270) de acesso \u00e0 cidade, pr\u00f3ximo a um hotel que fica na Avenida Francisco Cunha. O tr\u00e2nsito ficou interditado nos dois sentidos durante o atendimento da ocorr\u00eancia, mas foi sinalizado e liberado.<\/p>\n<\/div>\n<div class=\"row medium-uncollapsed content-media content-photo\" data-block-type=\"backstage-photo\" data-block-id=\"4\">\n<div class=\"mc-column content-media__container\">\n<div class=\"content-media-container glb-skeleton-box\" style=\"text-align: justify;\">\n<figure class=\"content-media-figure\"><img decoding=\"async\" class=\"i-amphtml-fill-content i-amphtml-replaced-content\" src=\"https:\/\/s2.glbimg.com\/l4M0o_Y0s-llDGM8xH9xx6Hy72A=\/0x0:1600x1200\/984x0\/smart\/filters:strip_icc()\/i.s3.glbimg.com\/v1\/AUTH_59edd422c0c84a879bd37670ae4f538a\/internal_photos\/bs\/2022\/X\/R\/JBABUxQt24dI1fUc0zQQ\/whatsapp-image-2022-07-16-at-19.27.54.jpeg\" sizes=\"(max-width: 1366px) 648px, 100vw\" srcset=\"https:\/\/s2.glbimg.com\/U9CiPH-UlC23sUzL-svgma3UIqU=\/0x0:1600x1200\/1000x0\/smart\/filters:strip_icc()\/i.s3.glbimg.com\/v1\/AUTH_59edd422c0c84a879bd37670ae4f538a\/internal_photos\/bs\/2022\/X\/R\/JBABUxQt24dI1fUc0zQQ\/whatsapp-image-2022-07-16-at-19.27.54.jpeg 1000w, https:\/\/s2.glbimg.com\/l4M0o_Y0s-llDGM8xH9xx6Hy72A=\/0x0:1600x1200\/984x0\/smart\/filters:strip_icc()\/i.s3.glbimg.com\/v1\/AUTH_59edd422c0c84a879bd37670ae4f538a\/internal_photos\/bs\/2022\/X\/R\/JBABUxQt24dI1fUc0zQQ\/whatsapp-image-2022-07-16-at-19.27.54.jpeg 984w, https:\/\/s2.glbimg.com\/XVd8JzoGWJlF13Gf8ANQ1GokcIk=\/0x0:1600x1200\/640x0\/smart\/filters:strip_icc()\/i.s3.glbimg.com\/v1\/AUTH_59edd422c0c84a879bd37670ae4f538a\/internal_photos\/bs\/2022\/X\/R\/JBABUxQt24dI1fUc0zQQ\/whatsapp-image-2022-07-16-at-19.27.54.jpeg 640w, https:\/\/s2.glbimg.com\/nXHLo0endCg8aQAIdMHgMC__dlg=\/0x0:1600x1200\/600x0\/smart\/filters:strip_icc()\/i.s3.glbimg.com\/v1\/AUTH_59edd422c0c84a879bd37670ae4f538a\/internal_photos\/bs\/2022\/X\/R\/JBABUxQt24dI1fUc0zQQ\/whatsapp-image-2022-07-16-at-19.27.54.jpeg 600w\" alt=\"Colis\u00e3o entre \u00f4nibus intermunicipal e carro foi registrada em Presidente Bernardes \u2014 Foto: David de Tarso\/TV Fronteira\" \/><\/figure>\n<\/div>\n<p class=\"content-media__description \" style=\"text-align: justify;\">Colis\u00e3o entre \u00f4nibus intermunicipal e carro foi registrada em Presidente Bernardes \u2014 Foto: David de Tarso\/TV Fronteira<\/p>\n<div class=\"mc-column content-text active-extra-styles \" style=\"text-align: justify;\" data-block-type=\"unstyled\" data-block-weight=\"37\" data-block-id=\"6\">\n<p class=\"content-text__container \" data-track-category=\"Link no Texto\" data-track-links=\"\">O \u00f4nibus estava com cerca de 25 pessoas a bordo e cinco delas sofreram ferimentos de natureza leve e precisaram de atendimento da Unidade de Resgate do Corpo de Bombeiros. Ele seguia no sentido SP-270 ao munic\u00edpio.<\/p>\n<\/div>\n<div class=\"mc-column content-text active-extra-styles \" style=\"text-align: justify;\" data-block-type=\"unstyled\" data-block-weight=\"30\" data-block-id=\"7\">\n<p class=\"content-text__container \" data-track-category=\"Link no Texto\" data-track-links=\"\">J\u00e1 o carro, com placas de Presidente Prudente (SP), seguia sentido \u00e0 SP-270 e era ocupado por uma mulher, que faleceu no local. Ainda n\u00e3o foram divulgados dados da v\u00edtima.<\/p>\n<\/div>\n<div class=\"mc-column content-text active-extra-styles \" style=\"text-align: justify;\" data-block-type=\"unstyled\" data-block-weight=\"12\" data-block-id=\"8\">\n<p class=\"content-text__container \" data-track-category=\"Link no Texto\" data-track-links=\"\">As circunst\u00e2ncias do acidente, registrado por volta das 18h40, devem ser apuradas.<\/p>\n<\/div>\n<div class=\"mc-column content-text active-extra-styles \" style=\"text-align: justify;\" data-block-type=\"unstyled\" data-block-weight=\"21\" data-block-id=\"9\">\n<p class=\"content-text__container \" data-track-category=\"Link no Texto\" data-track-links=\"\">Foram acionados ao local o Corpo de Bombeiros, a Pol\u00edcia Militar Rodovi\u00e1ria, a Pol\u00edcia Militar e a per\u00edcia da Pol\u00edcia Cient\u00edfica.<\/p>\n<\/div>\n<div class=\"row medium-uncollapsed content-media content-photo\" data-block-type=\"backstage-photo\" data-block-id=\"10\">\n<div class=\"mc-column content-media__container\">\n<div class=\"content-media-container glb-skeleton-box\" style=\"text-align: justify;\">\n<figure class=\"content-media-figure\"><img decoding=\"async\" class=\"i-amphtml-fill-content i-amphtml-replaced-content\" src=\"https:\/\/s2.glbimg.com\/oAJLucjdKl7hkYgMwvR3joc1kGI=\/0x0:1920x1080\/984x0\/smart\/filters:strip_icc()\/i.s3.glbimg.com\/v1\/AUTH_59edd422c0c84a879bd37670ae4f538a\/internal_photos\/bs\/2022\/w\/r\/ZpYU87SRKUIjzr9PrtqA\/untitled-1.jpg\" sizes=\"(max-width: 1366px) 648px, 100vw\" srcset=\"https:\/\/s2.glbimg.com\/OAmrANY5eqbDn-Jwt3XfMH9epFg=\/0x0:1920x1080\/1000x0\/smart\/filters:strip_icc()\/i.s3.glbimg.com\/v1\/AUTH_59edd422c0c84a879bd37670ae4f538a\/internal_photos\/bs\/2022\/w\/r\/ZpYU87SRKUIjzr9PrtqA\/untitled-1.jpg 1000w, https:\/\/s2.glbimg.com\/oAJLucjdKl7hkYgMwvR3joc1kGI=\/0x0:1920x1080\/984x0\/smart\/filters:strip_icc()\/i.s3.glbimg.com\/v1\/AUTH_59edd422c0c84a879bd37670ae4f538a\/internal_photos\/bs\/2022\/w\/r\/ZpYU87SRKUIjzr9PrtqA\/untitled-1.jpg 984w, https:\/\/s2.glbimg.com\/KGZQRES9IsMx9k-Lkauruv1ZHxQ=\/0x0:1920x1080\/640x0\/smart\/filters:strip_icc()\/i.s3.glbimg.com\/v1\/AUTH_59edd422c0c84a879bd37670ae4f538a\/internal_photos\/bs\/2022\/w\/r\/ZpYU87SRKUIjzr9PrtqA\/untitled-1.jpg 640w, https:\/\/s2.glbimg.com\/qv_yQhEbiEkx7VAlhe1GmmyrmKg=\/0x0:1920x1080\/600x0\/smart\/filters:strip_icc()\/i.s3.glbimg.com\/v1\/AUTH_59edd422c0c84a879bd37670ae4f538a\/internal_photos\/bs\/2022\/w\/r\/ZpYU87SRKUIjzr9PrtqA\/untitled-1.jpg 600w\" alt=\"Acidente em Presidente Bernardes deixou uma v\u00edtima fatal \u2014 Foto: Reprodu\u00e7\u00e3o\/TV Fronteira\/Cl\u00e1udio Ferreira\" \/><\/figure>\n<\/div>\n<p class=\"content-media__description \" style=\"text-align: justify;\">Acidente em Presidente Bernardes deixou uma v\u00edtima fatal \u2014 Foto: Reprodu\u00e7\u00e3o\/TV Fronteira\/Cl\u00e1udio Ferreira<\/p>\n<div class=\"row medium-uncollapsed content-media content-photo\" style=\"text-align: justify;\" data-block-type=\"backstage-photo\" data-block-id=\"12\">\n<div class=\"mc-column content-media__container\">\n<div class=\"content-media-container glb-skeleton-box\">\n<figure class=\"content-media-figure\"><img decoding=\"async\" class=\"i-amphtml-fill-content i-amphtml-replaced-content\" src=\"https:\/\/s2.glbimg.com\/Ph8U1yx4lqf9PKLpwLla1rHo-tA=\/0x0:1600x1200\/984x0\/smart\/filters:strip_icc()\/i.s3.glbimg.com\/v1\/AUTH_59edd422c0c84a879bd37670ae4f538a\/internal_photos\/bs\/2022\/A\/i\/4RaaJkQ7qcGkhiCxjiLQ\/whatsapp-image-2022-07-16-at-19.27.53.jpeg\" sizes=\"(max-width: 1366px) 648px, 100vw\" srcset=\"https:\/\/s2.glbimg.com\/O38wfcREDsSHY1O-ILS-ASH1cPQ=\/0x0:1600x1200\/1000x0\/smart\/filters:strip_icc()\/i.s3.glbimg.com\/v1\/AUTH_59edd422c0c84a879bd37670ae4f538a\/internal_photos\/bs\/2022\/A\/i\/4RaaJkQ7qcGkhiCxjiLQ\/whatsapp-image-2022-07-16-at-19.27.53.jpeg 1000w, https:\/\/s2.glbimg.com\/Ph8U1yx4lqf9PKLpwLla1rHo-tA=\/0x0:1600x1200\/984x0\/smart\/filters:strip_icc()\/i.s3.glbimg.com\/v1\/AUTH_59edd422c0c84a879bd37670ae4f538a\/internal_photos\/bs\/2022\/A\/i\/4RaaJkQ7qcGkhiCxjiLQ\/whatsapp-image-2022-07-16-at-19.27.53.jpeg 984w, https:\/\/s2.glbimg.com\/fS61xBt_qK0YDKpquCMCDokb4xE=\/0x0:1600x1200\/640x0\/smart\/filters:strip_icc()\/i.s3.glbimg.com\/v1\/AUTH_59edd422c0c84a879bd37670ae4f538a\/internal_photos\/bs\/2022\/A\/i\/4RaaJkQ7qcGkhiCxjiLQ\/whatsapp-image-2022-07-16-at-19.27.53.jpeg 640w, https:\/\/s2.glbimg.com\/0566h4rz3V7fJaGviNC5lv7X2IM=\/0x0:1600x1200\/600x0\/smart\/filters:strip_icc()\/i.s3.glbimg.com\/v1\/AUTH_59edd422c0c84a879bd37670ae4f538a\/internal_photos\/bs\/2022\/A\/i\/4RaaJkQ7qcGkhiCxjiLQ\/whatsapp-image-2022-07-16-at-19.27.53.jpeg 600w\" alt=\"V\u00edtima fatal estava em carro com placas de Presidente Prudente \u2014 Foto: David de Tarso\/TV Fronteira\" \/><\/figure>\n<\/div>\n<p class=\"content-media__description \">V\u00edtima fatal estava em carro com placas de Presidente Prudente \u2014 Foto: David de Tarso\/TV Fronteira<\/p>\n<\/div>\n<\/div>\n<div class=\"row medium-uncollapsed content-media content-photo\" data-block-type=\"backstage-photo\" data-block-id=\"13\">\n<div class=\"mc-column content-media__container\">\n<div class=\"content-media-container glb-skeleton-box\" style=\"text-align: justify;\">\n<figure class=\"content-media-figure\"><img decoding=\"async\" class=\"i-amphtml-fill-content i-amphtml-replaced-content\" src=\"https:\/\/s2.glbimg.com\/_1P1pIpzxoAU3JxuXWRVj_tYOZA=\/0x55:1600x1095\/984x0\/smart\/filters:strip_icc()\/i.s3.glbimg.com\/v1\/AUTH_59edd422c0c84a879bd37670ae4f538a\/internal_photos\/bs\/2022\/a\/p\/oOcr68RMm2XXQ7HjTKhA\/whatsapp-image-2022-07-16-at-19.27.55.jpeg\" sizes=\"(max-width: 1366px) 648px, 100vw\" srcset=\"https:\/\/s2.glbimg.com\/loaaB73vapvH2-fPd1NNeq7coTc=\/0x55:1600x1095\/1000x0\/smart\/filters:strip_icc()\/i.s3.glbimg.com\/v1\/AUTH_59edd422c0c84a879bd37670ae4f538a\/internal_photos\/bs\/2022\/a\/p\/oOcr68RMm2XXQ7HjTKhA\/whatsapp-image-2022-07-16-at-19.27.55.jpeg 1000w, https:\/\/s2.glbimg.com\/_1P1pIpzxoAU3JxuXWRVj_tYOZA=\/0x55:1600x1095\/984x0\/smart\/filters:strip_icc()\/i.s3.glbimg.com\/v1\/AUTH_59edd422c0c84a879bd37670ae4f538a\/internal_photos\/bs\/2022\/a\/p\/oOcr68RMm2XXQ7HjTKhA\/whatsapp-image-2022-07-16-at-19.27.55.jpeg 984w, https:\/\/s2.glbimg.com\/VPADcLKF2VWqgZbMEKI439KiviI=\/0x55:1600x1095\/640x0\/smart\/filters:strip_icc()\/i.s3.glbimg.com\/v1\/AUTH_59edd422c0c84a879bd37670ae4f538a\/internal_photos\/bs\/2022\/a\/p\/oOcr68RMm2XXQ7HjTKhA\/whatsapp-image-2022-07-16-at-19.27.55.jpeg 640w, https:\/\/s2.glbimg.com\/V0VP6UV2zKoeHH3izmVP8oxvmMk=\/0x55:1600x1095\/600x0\/smart\/filters:strip_icc()\/i.s3.glbimg.com\/v1\/AUTH_59edd422c0c84a879bd37670ae4f538a\/internal_photos\/bs\/2022\/a\/p\/oOcr68RMm2XXQ7HjTKhA\/whatsapp-image-2022-07-16-at-19.27.55.jpeg 600w\" alt=\"Colis\u00e3o entre carro e \u00f4nibus intermunicipal foi registrado em Presidente Bernardes \u2014 Foto: David de Tarso\/TV Fronteira \" \/><\/figure>\n<\/div>\n<p class=\"content-media__description \" style=\"text-align: justify;\">Colis\u00e3o entre carro e \u00f4nibus intermunicipal foi registrado em Presidente Bernardes \u2014 Foto: David de Tarso\/TV Fronteira<\/p>\n<p style=\"text-align: justify;\">Fonte: G1<\/p>\n<\/div>\n<\/div>\n<\/div>\n<\/div>\n<\/div>\n<\/div>\n<div class=\"content-ads content-ads--reveal\" data-block-type=\"ads\" data-block-id=\"5\">\n<div id=\"banner_materia2\" class=\"tag-manager-publicidade-container mc-has-reveal mc-has-ad-lazyload tag-manager-publicidade-banner_materia2 tag-manager-publicidade-container--carregado tag-manager-publicidade-container--visivel\" data-id=\"banner_materia2\" data-req=\"true\" data-google-query-id=\"CIC00rLB_vgCFcOVlQIdng4FOQ\" data-cid=\"138397280855\" data-lid=\"6058417093\"><\/div>\n<\/div>\n<\/div>\n","protected":false},"excerpt":{"rendered":"<p>Colis\u00e3o frontal foi em estrada de acesso \u00e0 cidade, por volta das 18h40 deste s\u00e1bado (16). Tr\u00e2nsito ficou interditado nos dois sentidos durante o atendimento da ocorr\u00eancia, mas foi sinalizado e liberado. Um acidente entre um carro e um \u00f4nibus intermunicipal deixou uma v\u00edtima fatal, em\u00a0Presidente Bernardes (SP). A batida frontal aconteceu no in\u00edcio da [&hellip;]<\/p>\n","protected":false},"author":1,"featured_media":66501,"comment_status":"closed","ping_status":"open","sticky":false,"template":"","format":"standard","meta":{"footnotes":""},"categories":[170,110],"tags":[],"class_list":["post-66500","post","type-post","status-publish","format-standard","has-post-thumbnail","hentry","category-acidentes","category-noticiasdestaque"],"_links":{"self":[{"href":"https:\/\/jorgezanoni.com.br\/2019\/wp-json\/wp\/v2\/posts\/66500","targetHints":{"allow":["GET"]}}],"collection":[{"href":"https:\/\/jorgezanoni.com.br\/2019\/wp-json\/wp\/v2\/posts"}],"about":[{"href":"https:\/\/jorgezanoni.com.br\/2019\/wp-json\/wp\/v2\/types\/post"}],"author":[{"embeddable":true,"href":"https:\/\/jorgezanoni.com.br\/2019\/wp-json\/wp\/v2\/users\/1"}],"replies":[{"embeddable":true,"href":"https:\/\/jorgezanoni.com.br\/2019\/wp-json\/wp\/v2\/comments?post=66500"}],"version-history":[{"count":1,"href":"https:\/\/jorgezanoni.com.br\/2019\/wp-json\/wp\/v2\/posts\/66500\/revisions"}],"predecessor-version":[{"id":66502,"href":"https:\/\/jorgezanoni.com.br\/2019\/wp-json\/wp\/v2\/posts\/66500\/revisions\/66502"}],"wp:featuredmedia":[{"embeddable":true,"href":"https:\/\/jorgezanoni.com.br\/2019\/wp-json\/wp\/v2\/media\/66501"}],"wp:attachment":[{"href":"https:\/\/jorgezanoni.com.br\/2019\/wp-json\/wp\/v2\/media?parent=66500"}],"wp:term":[{"taxonomy":"category","embeddable":true,"href":"https:\/\/jorgezanoni.com.br\/2019\/wp-json\/wp\/v2\/categories?post=66500"},{"taxonomy":"post_tag","embeddable":true,"href":"https:\/\/jorgezanoni.com.br\/2019\/wp-json\/wp\/v2\/tags?post=66500"}],"curies":[{"name":"wp","href":"https:\/\/api.w.org\/{rel}","templated":true}]}}