{"id":6645,"date":"2019-09-19T12:46:34","date_gmt":"2019-09-19T12:46:34","guid":{"rendered":"https:\/\/jorgezanoni.com.br\/2019\/?p=6645"},"modified":"2019-09-19T12:46:34","modified_gmt":"2019-09-19T12:46:34","slug":"policial-militar-feminina-capita-pm-viviane-representa-o-estado-de-sao-paulo-no-japao","status":"publish","type":"post","link":"https:\/\/jorgezanoni.com.br\/2019\/policial-militar-feminina-capita-pm-viviane-representa-o-estado-de-sao-paulo-no-japao\/","title":{"rendered":"Policial Militar feminina Capit\u00e3 PM Viviane representa o Estado de S\u00e3o Paulo no Jap\u00e3o"},"content":{"rendered":"<p style=\"text-align: justify;\">Um orgulho para o Estado de SP ser representado, aqui em T\u00f3quio, pela Capit\u00e3 PM Viviane, em semin\u00e1rio sobre combate \u00e0 viol\u00eancia contra a mulher. Ela apresentou para 17 pa\u00edses o \u201cSOS Mulher\u201d, aplicativo lan\u00e7ado pelo Governo de SP para agilizar a prote\u00e7\u00e3o \u00e0s mulheres v\u00edtimas de amea\u00e7as e viol\u00eancia. A aprova\u00e7\u00e3o foi un\u00e2nime! \u00c9 SP servindo de refer\u00eancia para o mundo na defesa da mulher. #GovernoSP.<\/p>\n<div id=\"fb-root\"><\/div>\n<p><script async=\"1\" defer=\"1\" crossorigin=\"anonymous\" src=\"https:\/\/connect.facebook.net\/en_US\/sdk.js#xfbml=1&amp;version=v4.0\"><\/script><\/p>\n<div class=\"fb-video\" data-href=\"https:\/\/www.facebook.com\/jorgeluizzanoni\/videos\/3146796475394469\/\" data-width=\"696\">\n<blockquote cite=\"https:\/\/www.facebook.com\/jorgeluizzanoni\/videos\/3146796475394469\/\" class=\"fb-xfbml-parse-ignore\"><p><a href=\"https:\/\/www.facebook.com\/jorgeluizzanoni\/videos\/3146796475394469\/\"><\/a><\/p>\n<p>Policial Militar feminina Capit\u00e3 PM Viviane representa o Estado de S\u00e3o Paulo no Jap\u00e3o. (V\u00eddeo Governo do Estado). 19\/09\/19<\/p>\n<p>Posted by <a href=\"https:\/\/www.facebook.com\/jorgeluizzanoni\">Jorge Luiz Zanoni<\/a> on Thursday, September 19, 2019<\/p><\/blockquote>\n<\/div>\n","protected":false},"excerpt":{"rendered":"<p>Um orgulho para o Estado de SP ser representado, aqui em T\u00f3quio, pela Capit\u00e3 PM Viviane, em semin\u00e1rio sobre combate \u00e0 viol\u00eancia contra a mulher. Ela apresentou para 17 pa\u00edses o \u201cSOS Mulher\u201d, aplicativo lan\u00e7ado pelo Governo de SP para agilizar a prote\u00e7\u00e3o \u00e0s mulheres v\u00edtimas de amea\u00e7as e viol\u00eancia. A aprova\u00e7\u00e3o foi un\u00e2nime! \u00c9 [&hellip;]<\/p>\n","protected":false},"author":1,"featured_media":6646,"comment_status":"closed","ping_status":"open","sticky":false,"template":"","format":"video","meta":{"footnotes":""},"categories":[169],"tags":[],"class_list":["post-6645","post","type-post","status-publish","format-video","has-post-thumbnail","hentry","category-videos","post_format-post-format-video"],"_links":{"self":[{"href":"https:\/\/jorgezanoni.com.br\/2019\/wp-json\/wp\/v2\/posts\/6645","targetHints":{"allow":["GET"]}}],"collection":[{"href":"https:\/\/jorgezanoni.com.br\/2019\/wp-json\/wp\/v2\/posts"}],"about":[{"href":"https:\/\/jorgezanoni.com.br\/2019\/wp-json\/wp\/v2\/types\/post"}],"author":[{"embeddable":true,"href":"https:\/\/jorgezanoni.com.br\/2019\/wp-json\/wp\/v2\/users\/1"}],"replies":[{"embeddable":true,"href":"https:\/\/jorgezanoni.com.br\/2019\/wp-json\/wp\/v2\/comments?post=6645"}],"version-history":[{"count":0,"href":"https:\/\/jorgezanoni.com.br\/2019\/wp-json\/wp\/v2\/posts\/6645\/revisions"}],"wp:featuredmedia":[{"embeddable":true,"href":"https:\/\/jorgezanoni.com.br\/2019\/wp-json\/wp\/v2\/media\/6646"}],"wp:attachment":[{"href":"https:\/\/jorgezanoni.com.br\/2019\/wp-json\/wp\/v2\/media?parent=6645"}],"wp:term":[{"taxonomy":"category","embeddable":true,"href":"https:\/\/jorgezanoni.com.br\/2019\/wp-json\/wp\/v2\/categories?post=6645"},{"taxonomy":"post_tag","embeddable":true,"href":"https:\/\/jorgezanoni.com.br\/2019\/wp-json\/wp\/v2\/tags?post=6645"}],"curies":[{"name":"wp","href":"https:\/\/api.w.org\/{rel}","templated":true}]}}