{"id":66442,"date":"2022-07-15T21:58:48","date_gmt":"2022-07-15T21:58:48","guid":{"rendered":"https:\/\/jorgezanoni.com.br\/2019\/?p=66442"},"modified":"2022-07-15T21:58:48","modified_gmt":"2022-07-15T21:58:48","slug":"carreta-cai-em-ribanceira-na-sp-294","status":"publish","type":"post","link":"https:\/\/jorgezanoni.com.br\/2019\/carreta-cai-em-ribanceira-na-sp-294\/","title":{"rendered":"Carreta cai em ribanceira na SP-294"},"content":{"rendered":"<p style=\"text-align: justify;\">Uma carreta caiu em uma ribanceira \u00e0s margens da Rodovia Comandante Jo\u00e3o Ribeiro de Barros (SP-294), altura do km 578+530, em In\u00fabia Paulista, nesta sexta-feira (15). Por circunst\u00e2ncias a apurar, a carreta chocou-se contra uma defensa met\u00e1lica \u00e0s margens da pista, caiu em ribanceira e tombou.<\/p>\n<p style=\"text-align: justify;\">Conforme a Pol\u00edcia Militar Rodovi\u00e1ria, que atuou na ocorr\u00eancia, o condutor foi socorrido com ferimentos de natureza leve e encaminhado ao pronto-socorro da Santa Casa de Luc\u00e9lia. Al\u00e9m da PM Rodovi\u00e1ria, equipes da concession\u00e1ria que administra a rodovia atuaram na\u00a0 ocorr\u00eancia.<\/p>\n<p style=\"text-align: justify;\">At\u00e9 por volta das 17h a carreta ainda estava pelo local.<\/p>\n<p style=\"text-align: justify;\">Fonte: sigamais<\/p>\n","protected":false},"excerpt":{"rendered":"<p>Uma carreta caiu em uma ribanceira \u00e0s margens da Rodovia Comandante Jo\u00e3o Ribeiro de Barros (SP-294), altura do km 578+530, em In\u00fabia Paulista, nesta sexta-feira (15). Por circunst\u00e2ncias a apurar, a carreta chocou-se contra uma defensa met\u00e1lica \u00e0s margens da pista, caiu em ribanceira e tombou. Conforme a Pol\u00edcia Militar Rodovi\u00e1ria, que atuou na ocorr\u00eancia, [&hellip;]<\/p>\n","protected":false},"author":1,"featured_media":66444,"comment_status":"closed","ping_status":"open","sticky":false,"template":"","format":"standard","meta":{"footnotes":""},"categories":[170,110],"tags":[],"class_list":["post-66442","post","type-post","status-publish","format-standard","has-post-thumbnail","hentry","category-acidentes","category-noticiasdestaque"],"_links":{"self":[{"href":"https:\/\/jorgezanoni.com.br\/2019\/wp-json\/wp\/v2\/posts\/66442","targetHints":{"allow":["GET"]}}],"collection":[{"href":"https:\/\/jorgezanoni.com.br\/2019\/wp-json\/wp\/v2\/posts"}],"about":[{"href":"https:\/\/jorgezanoni.com.br\/2019\/wp-json\/wp\/v2\/types\/post"}],"author":[{"embeddable":true,"href":"https:\/\/jorgezanoni.com.br\/2019\/wp-json\/wp\/v2\/users\/1"}],"replies":[{"embeddable":true,"href":"https:\/\/jorgezanoni.com.br\/2019\/wp-json\/wp\/v2\/comments?post=66442"}],"version-history":[{"count":1,"href":"https:\/\/jorgezanoni.com.br\/2019\/wp-json\/wp\/v2\/posts\/66442\/revisions"}],"predecessor-version":[{"id":66445,"href":"https:\/\/jorgezanoni.com.br\/2019\/wp-json\/wp\/v2\/posts\/66442\/revisions\/66445"}],"wp:featuredmedia":[{"embeddable":true,"href":"https:\/\/jorgezanoni.com.br\/2019\/wp-json\/wp\/v2\/media\/66444"}],"wp:attachment":[{"href":"https:\/\/jorgezanoni.com.br\/2019\/wp-json\/wp\/v2\/media?parent=66442"}],"wp:term":[{"taxonomy":"category","embeddable":true,"href":"https:\/\/jorgezanoni.com.br\/2019\/wp-json\/wp\/v2\/categories?post=66442"},{"taxonomy":"post_tag","embeddable":true,"href":"https:\/\/jorgezanoni.com.br\/2019\/wp-json\/wp\/v2\/tags?post=66442"}],"curies":[{"name":"wp","href":"https:\/\/api.w.org\/{rel}","templated":true}]}}