{"id":66422,"date":"2022-07-14T22:08:28","date_gmt":"2022-07-14T22:08:28","guid":{"rendered":"https:\/\/jorgezanoni.com.br\/2019\/?p=66422"},"modified":"2022-07-14T22:08:28","modified_gmt":"2022-07-14T22:08:28","slug":"policia-militar-localiza-autor-de-furtos-em-pauliceia","status":"publish","type":"post","link":"https:\/\/jorgezanoni.com.br\/2019\/policia-militar-localiza-autor-de-furtos-em-pauliceia\/","title":{"rendered":"Pol\u00edcia Militar localiza autor de furtos em Paulic\u00e9ia"},"content":{"rendered":"<p style=\"text-align: justify;\">Na tarde de ontem, 13, a unidade de servi\u00e7o da Pol\u00edcia Militar de Panorama, foi notificada por uma v\u00edtima sobre um furto a um celular j\u00e1 ocorrido em data anterior, relatando que estaria em posse de imagens das c\u00e2meras de monitoramento sendo poss\u00edvel a identifica\u00e7\u00e3o do autor. Em posse das caracter\u00edsticas, a Pol\u00edcia Militar deslocou em patrulhamento, logrando localizar, abordar e identificar o autor (homem, 41 anos), no terminal rodovi\u00e1rio. Em busca pessoal, foi localizado entre seus pertences duas garrafas de bebida alco\u00f3lica fechadas, ao ser questionado a princ\u00edpio negou os fatos, confessando o crime logo em seguida. Em entrevista pessoal o autor relatou que havia furtado o aparelho celular em uma loja em data anterior e vendido no dia seguinte pela quantia de R$100,00 e, que minutos antes havia furtado um litro de gin no &#8220;Supermercado WR&#8221; e outro litro de jamel no &#8220;Nosso Mercado&#8221;.<br \/>\nDiante do fato, foi dada voz de pris\u00e3o em flagrante delito por furto e conduzido ao Plant\u00e3o de Pol\u00edcia Judici\u00e1ria, onde foi ouvido e liberado.<\/p>\n<p style=\"text-align: justify;\">Fonte: Com. Social Pol\u00edcia Militar<\/p>\n","protected":false},"excerpt":{"rendered":"<p>Na tarde de ontem, 13, a unidade de servi\u00e7o da Pol\u00edcia Militar de Panorama, foi notificada por uma v\u00edtima sobre um furto a um celular j\u00e1 ocorrido em data anterior, relatando que estaria em posse de imagens das c\u00e2meras de monitoramento sendo poss\u00edvel a identifica\u00e7\u00e3o do autor. Em posse das caracter\u00edsticas, a Pol\u00edcia Militar deslocou [&hellip;]<\/p>\n","protected":false},"author":1,"featured_media":66423,"comment_status":"closed","ping_status":"open","sticky":false,"template":"","format":"standard","meta":{"footnotes":""},"categories":[110,2],"tags":[],"class_list":["post-66422","post","type-post","status-publish","format-standard","has-post-thumbnail","hentry","category-noticiasdestaque","category-policial"],"_links":{"self":[{"href":"https:\/\/jorgezanoni.com.br\/2019\/wp-json\/wp\/v2\/posts\/66422","targetHints":{"allow":["GET"]}}],"collection":[{"href":"https:\/\/jorgezanoni.com.br\/2019\/wp-json\/wp\/v2\/posts"}],"about":[{"href":"https:\/\/jorgezanoni.com.br\/2019\/wp-json\/wp\/v2\/types\/post"}],"author":[{"embeddable":true,"href":"https:\/\/jorgezanoni.com.br\/2019\/wp-json\/wp\/v2\/users\/1"}],"replies":[{"embeddable":true,"href":"https:\/\/jorgezanoni.com.br\/2019\/wp-json\/wp\/v2\/comments?post=66422"}],"version-history":[{"count":1,"href":"https:\/\/jorgezanoni.com.br\/2019\/wp-json\/wp\/v2\/posts\/66422\/revisions"}],"predecessor-version":[{"id":66424,"href":"https:\/\/jorgezanoni.com.br\/2019\/wp-json\/wp\/v2\/posts\/66422\/revisions\/66424"}],"wp:featuredmedia":[{"embeddable":true,"href":"https:\/\/jorgezanoni.com.br\/2019\/wp-json\/wp\/v2\/media\/66423"}],"wp:attachment":[{"href":"https:\/\/jorgezanoni.com.br\/2019\/wp-json\/wp\/v2\/media?parent=66422"}],"wp:term":[{"taxonomy":"category","embeddable":true,"href":"https:\/\/jorgezanoni.com.br\/2019\/wp-json\/wp\/v2\/categories?post=66422"},{"taxonomy":"post_tag","embeddable":true,"href":"https:\/\/jorgezanoni.com.br\/2019\/wp-json\/wp\/v2\/tags?post=66422"}],"curies":[{"name":"wp","href":"https:\/\/api.w.org\/{rel}","templated":true}]}}