{"id":6637,"date":"2019-09-19T12:30:28","date_gmt":"2019-09-19T12:30:28","guid":{"rendered":"https:\/\/jorgezanoni.com.br\/2019\/?p=6637"},"modified":"2019-09-19T12:30:28","modified_gmt":"2019-09-19T12:30:28","slug":"leitos-de-saude-mental-em-novas-instalacoes-na-santa-casa-de-junqueiropolis","status":"publish","type":"post","link":"https:\/\/jorgezanoni.com.br\/2019\/leitos-de-saude-mental-em-novas-instalacoes-na-santa-casa-de-junqueiropolis\/","title":{"rendered":"Leitos de Sa\u00fade Mental em novas instala\u00e7\u00f5es na Santa Casa de Junqueir\u00f3polis"},"content":{"rendered":"<p style=\"text-align: justify;\">O Hospital da Irmandade da Santa Casa de Miseric\u00f3rdia de Junqueir\u00f3polis passa a utilizar as novas instala\u00e7\u00f5es dos Leitos de Sa\u00fade Mental da institui\u00e7\u00e3o na antiga ala de enfermarias e mais recente fisioterapia da entidade.<\/p>\n<p><img loading=\"lazy\" decoding=\"async\" class=\"alignnone size-full wp-image-6638\" src=\"https:\/\/jorgezanoni.com.br\/2019\/wp-content\/uploads\/2019\/09\/junq.jpg\" alt=\"\" width=\"1032\" height=\"774\" srcset=\"https:\/\/jorgezanoni.com.br\/2019\/wp-content\/uploads\/2019\/09\/junq.jpg 1032w, https:\/\/jorgezanoni.com.br\/2019\/wp-content\/uploads\/2019\/09\/junq-300x225.jpg 300w, https:\/\/jorgezanoni.com.br\/2019\/wp-content\/uploads\/2019\/09\/junq-768x576.jpg 768w, https:\/\/jorgezanoni.com.br\/2019\/wp-content\/uploads\/2019\/09\/junq-1024x768.jpg 1024w, https:\/\/jorgezanoni.com.br\/2019\/wp-content\/uploads\/2019\/09\/junq-80x60.jpg 80w, https:\/\/jorgezanoni.com.br\/2019\/wp-content\/uploads\/2019\/09\/junq-265x198.jpg 265w, https:\/\/jorgezanoni.com.br\/2019\/wp-content\/uploads\/2019\/09\/junq-696x522.jpg 696w, https:\/\/jorgezanoni.com.br\/2019\/wp-content\/uploads\/2019\/09\/junq-560x420.jpg 560w\" sizes=\"auto, (max-width: 1032px) 100vw, 1032px\" \/><\/p>\n<p style=\"text-align: justify;\">A \u00e1rea estava desativada h\u00e1 algum tempo j\u00e1 que o setor de fisioterapia foi transferido para a antiga resid\u00eancia das Irm\u00e3s da Miseric\u00f3rdia. Passou por reformas para abrigar o servi\u00e7o que funcionava em car\u00e1ter provis\u00f3rio na \u201cAla III do SUS\u201d e, como essa ala tamb\u00e9m ser\u00e1 reformada e readequada para abrigar o Centro de Partos, o que ser\u00e1 feito com recursos de indica\u00e7\u00e3o de verba parlamentar Federal, foi necess\u00e1ria a transfer\u00eancia do Servi\u00e7o de Sa\u00fade Mental para outro local.<\/p>\n<p style=\"text-align: justify;\"><img loading=\"lazy\" decoding=\"async\" class=\"alignnone size-full wp-image-6639\" src=\"https:\/\/jorgezanoni.com.br\/2019\/wp-content\/uploads\/2019\/09\/junq1.jpg\" alt=\"\" width=\"1280\" height=\"960\" srcset=\"https:\/\/jorgezanoni.com.br\/2019\/wp-content\/uploads\/2019\/09\/junq1.jpg 1280w, https:\/\/jorgezanoni.com.br\/2019\/wp-content\/uploads\/2019\/09\/junq1-300x225.jpg 300w, https:\/\/jorgezanoni.com.br\/2019\/wp-content\/uploads\/2019\/09\/junq1-768x576.jpg 768w, https:\/\/jorgezanoni.com.br\/2019\/wp-content\/uploads\/2019\/09\/junq1-1024x768.jpg 1024w, https:\/\/jorgezanoni.com.br\/2019\/wp-content\/uploads\/2019\/09\/junq1-80x60.jpg 80w, https:\/\/jorgezanoni.com.br\/2019\/wp-content\/uploads\/2019\/09\/junq1-265x198.jpg 265w, https:\/\/jorgezanoni.com.br\/2019\/wp-content\/uploads\/2019\/09\/junq1-696x522.jpg 696w, https:\/\/jorgezanoni.com.br\/2019\/wp-content\/uploads\/2019\/09\/junq1-1068x801.jpg 1068w, https:\/\/jorgezanoni.com.br\/2019\/wp-content\/uploads\/2019\/09\/junq1-560x420.jpg 560w\" sizes=\"auto, (max-width: 1280px) 100vw, 1280px\" \/>A adapta\u00e7\u00e3o foi poss\u00edvel gra\u00e7as \u00e0 colabora\u00e7\u00e3o de empresas e v\u00e1rios colaboradores da comunidade e tamb\u00e9m do apoio da Prefeitura Municipal de Junqueir\u00f3polis.<\/p>\n<p style=\"text-align: justify;\"><img loading=\"lazy\" decoding=\"async\" class=\"alignnone size-full wp-image-6640\" src=\"https:\/\/jorgezanoni.com.br\/2019\/wp-content\/uploads\/2019\/09\/junq2.jpg\" alt=\"\" width=\"1032\" height=\"774\" srcset=\"https:\/\/jorgezanoni.com.br\/2019\/wp-content\/uploads\/2019\/09\/junq2.jpg 1032w, https:\/\/jorgezanoni.com.br\/2019\/wp-content\/uploads\/2019\/09\/junq2-300x225.jpg 300w, https:\/\/jorgezanoni.com.br\/2019\/wp-content\/uploads\/2019\/09\/junq2-768x576.jpg 768w, https:\/\/jorgezanoni.com.br\/2019\/wp-content\/uploads\/2019\/09\/junq2-1024x768.jpg 1024w, https:\/\/jorgezanoni.com.br\/2019\/wp-content\/uploads\/2019\/09\/junq2-80x60.jpg 80w, https:\/\/jorgezanoni.com.br\/2019\/wp-content\/uploads\/2019\/09\/junq2-265x198.jpg 265w, https:\/\/jorgezanoni.com.br\/2019\/wp-content\/uploads\/2019\/09\/junq2-696x522.jpg 696w, https:\/\/jorgezanoni.com.br\/2019\/wp-content\/uploads\/2019\/09\/junq2-560x420.jpg 560w\" sizes=\"auto, (max-width: 1032px) 100vw, 1032px\" \/><br \/>\nO Servi\u00e7o Hospitalar de Refer\u00eancia para aten\u00e7\u00e3o \u00e0s pessoas com sofrimento ou transtorno mental e com necessidades de sa\u00fade decorrentes do uso de \u00e1lcool, crack e outras drogas, nomeado na institui\u00e7\u00e3o como NUP \u2013 N\u00facleo de Urg\u00eancias Psiqui\u00e1tricas, teve seu in\u00edcio em 24\/10\/2016 mantido com recursos estaduais at\u00e9 a habilita\u00e7\u00e3o do SUS o que ocorreu por publica\u00e7\u00e3o de portaria do Minist\u00e9rio da Sa\u00fade em 26\/12\/2017; \u00e9 refer\u00eancia para os 12 munic\u00edpios que comp\u00f5em a Regi\u00e3o de Sa\u00fade Alta Paulista, inserida Dire\u00e7\u00e3o Regional de Sa\u00fade DRS 11 de Presidente Prudente.<\/p>\n<p><img loading=\"lazy\" decoding=\"async\" class=\"alignnone size-full wp-image-6641\" src=\"https:\/\/jorgezanoni.com.br\/2019\/wp-content\/uploads\/2019\/09\/junq3.jpg\" alt=\"\" width=\"774\" height=\"1032\" srcset=\"https:\/\/jorgezanoni.com.br\/2019\/wp-content\/uploads\/2019\/09\/junq3.jpg 774w, https:\/\/jorgezanoni.com.br\/2019\/wp-content\/uploads\/2019\/09\/junq3-225x300.jpg 225w, https:\/\/jorgezanoni.com.br\/2019\/wp-content\/uploads\/2019\/09\/junq3-768x1024.jpg 768w, https:\/\/jorgezanoni.com.br\/2019\/wp-content\/uploads\/2019\/09\/junq3-696x928.jpg 696w, https:\/\/jorgezanoni.com.br\/2019\/wp-content\/uploads\/2019\/09\/junq3-315x420.jpg 315w\" sizes=\"auto, (max-width: 774px) 100vw, 774px\" \/><\/p>\n<p style=\"text-align: justify;\">O servi\u00e7o est\u00e1 integrado \u00e0 Rede de Sa\u00fade Mental da regi\u00e3o, especialmente pelos CAPS \u2013 Centros de Aten\u00e7\u00e3o Psicossocial, Prontos Socorros e Unidades de Atendimento de Urg\u00eancias de cada munic\u00edpio que referenciam as interna\u00e7\u00f5es sob a responsabilidade assistencial da m\u00e9dica psiquiatra Dra. Daniela de Oliveira Guidini. Confira as fotos das novas instala\u00e7\u00f5es.<\/p>\n<p><img loading=\"lazy\" decoding=\"async\" class=\"alignnone size-full wp-image-6642\" src=\"https:\/\/jorgezanoni.com.br\/2019\/wp-content\/uploads\/2019\/09\/junq4.jpg\" alt=\"\" width=\"1032\" height=\"774\" srcset=\"https:\/\/jorgezanoni.com.br\/2019\/wp-content\/uploads\/2019\/09\/junq4.jpg 1032w, https:\/\/jorgezanoni.com.br\/2019\/wp-content\/uploads\/2019\/09\/junq4-300x225.jpg 300w, https:\/\/jorgezanoni.com.br\/2019\/wp-content\/uploads\/2019\/09\/junq4-768x576.jpg 768w, https:\/\/jorgezanoni.com.br\/2019\/wp-content\/uploads\/2019\/09\/junq4-1024x768.jpg 1024w, https:\/\/jorgezanoni.com.br\/2019\/wp-content\/uploads\/2019\/09\/junq4-80x60.jpg 80w, https:\/\/jorgezanoni.com.br\/2019\/wp-content\/uploads\/2019\/09\/junq4-265x198.jpg 265w, https:\/\/jorgezanoni.com.br\/2019\/wp-content\/uploads\/2019\/09\/junq4-696x522.jpg 696w, https:\/\/jorgezanoni.com.br\/2019\/wp-content\/uploads\/2019\/09\/junq4-560x420.jpg 560w\" sizes=\"auto, (max-width: 1032px) 100vw, 1032px\" \/><\/p>\n<p>Fonte: Assessoria Santa Casa<\/p>\n","protected":false},"excerpt":{"rendered":"<p>O Hospital da Irmandade da Santa Casa de Miseric\u00f3rdia de Junqueir\u00f3polis passa a utilizar as novas instala\u00e7\u00f5es dos Leitos de Sa\u00fade Mental da institui\u00e7\u00e3o na antiga ala de enfermarias e mais recente fisioterapia da entidade. A \u00e1rea estava desativada h\u00e1 algum tempo j\u00e1 que o setor de fisioterapia foi transferido para a antiga resid\u00eancia das [&hellip;]<\/p>\n","protected":false},"author":1,"featured_media":6643,"comment_status":"closed","ping_status":"open","sticky":false,"template":"","format":"standard","meta":{"footnotes":""},"categories":[122],"tags":[],"class_list":["post-6637","post","type-post","status-publish","format-standard","has-post-thumbnail","hentry","category-saudeeducacaoeconcurso"],"_links":{"self":[{"href":"https:\/\/jorgezanoni.com.br\/2019\/wp-json\/wp\/v2\/posts\/6637","targetHints":{"allow":["GET"]}}],"collection":[{"href":"https:\/\/jorgezanoni.com.br\/2019\/wp-json\/wp\/v2\/posts"}],"about":[{"href":"https:\/\/jorgezanoni.com.br\/2019\/wp-json\/wp\/v2\/types\/post"}],"author":[{"embeddable":true,"href":"https:\/\/jorgezanoni.com.br\/2019\/wp-json\/wp\/v2\/users\/1"}],"replies":[{"embeddable":true,"href":"https:\/\/jorgezanoni.com.br\/2019\/wp-json\/wp\/v2\/comments?post=6637"}],"version-history":[{"count":0,"href":"https:\/\/jorgezanoni.com.br\/2019\/wp-json\/wp\/v2\/posts\/6637\/revisions"}],"wp:featuredmedia":[{"embeddable":true,"href":"https:\/\/jorgezanoni.com.br\/2019\/wp-json\/wp\/v2\/media\/6643"}],"wp:attachment":[{"href":"https:\/\/jorgezanoni.com.br\/2019\/wp-json\/wp\/v2\/media?parent=6637"}],"wp:term":[{"taxonomy":"category","embeddable":true,"href":"https:\/\/jorgezanoni.com.br\/2019\/wp-json\/wp\/v2\/categories?post=6637"},{"taxonomy":"post_tag","embeddable":true,"href":"https:\/\/jorgezanoni.com.br\/2019\/wp-json\/wp\/v2\/tags?post=6637"}],"curies":[{"name":"wp","href":"https:\/\/api.w.org\/{rel}","templated":true}]}}