{"id":66354,"date":"2022-07-13T01:25:56","date_gmt":"2022-07-13T01:25:56","guid":{"rendered":"https:\/\/jorgezanoni.com.br\/2019\/?p=66354"},"modified":"2022-07-13T01:25:56","modified_gmt":"2022-07-13T01:25:56","slug":"policia-militar-prende-homem-por-posse-irregular-de-arma-de-fogo-apos-desinteligencia-familiar-em-tupi-paulista","status":"publish","type":"post","link":"https:\/\/jorgezanoni.com.br\/2019\/policia-militar-prende-homem-por-posse-irregular-de-arma-de-fogo-apos-desinteligencia-familiar-em-tupi-paulista\/","title":{"rendered":"Pol\u00edcia Militar prende homem por posse irregular de arma de fogo ap\u00f3s desintelig\u00eancia familiar em Tupi Paulista"},"content":{"rendered":"<p style=\"text-align: justify;\">Na tarde de ontem, 11, a unidade de servi\u00e7o da Pol\u00edcia Militar em Tupi Paulista, foi solicitada via COPOM para atendimento de desintelig\u00eancia familiar, onde o autor estaria em posse de uma faca. Em contato com as partes envolvidas, a v\u00edtima (mulher, 49 anos), declarou que seu esposo (homem, 68 anos), estava alterado por motivos familiares e teria amea\u00e7ado ela e seu filho com uma faca, relatando ainda que o autor possu\u00eda uma arma de fogo no interior da resid\u00eancia. Os militares, ao questionar o autor negou os fatos, fato este constatado em vistoria domiciliar, localizada sobre o guarda roupas do casal um rev\u00f3lver calibre.32, marca Smit Wesson e no interior da gaveta de um arm\u00e1rio no quarto 05 (cinco) cartuchos intactos e 04 (quatro) cartuchos deflagrados. Diante dos fatos foi dada voz de pris\u00e3o ao autor por posse irregular de arma de fogo, previsto no art. 12 da lei 10.826\/03 e conduzido ao Plant\u00e3o de Pol\u00edcia Judici\u00e1ria, onde foi arbitrada fian\u00e7a de um sal\u00e1rio m\u00ednimo, permanecendo o autor a disposi\u00e7\u00e3o da Justi\u00e7a.<\/p>\n<p>Fone: Com. Social Pol\u00edcia Militar<\/p>\n","protected":false},"excerpt":{"rendered":"<p>Na tarde de ontem, 11, a unidade de servi\u00e7o da Pol\u00edcia Militar em Tupi Paulista, foi solicitada via COPOM para atendimento de desintelig\u00eancia familiar, onde o autor estaria em posse de uma faca. Em contato com as partes envolvidas, a v\u00edtima (mulher, 49 anos), declarou que seu esposo (homem, 68 anos), estava alterado por motivos [&hellip;]<\/p>\n","protected":false},"author":1,"featured_media":66355,"comment_status":"closed","ping_status":"open","sticky":false,"template":"","format":"standard","meta":{"footnotes":""},"categories":[110,2],"tags":[],"class_list":["post-66354","post","type-post","status-publish","format-standard","has-post-thumbnail","hentry","category-noticiasdestaque","category-policial"],"_links":{"self":[{"href":"https:\/\/jorgezanoni.com.br\/2019\/wp-json\/wp\/v2\/posts\/66354","targetHints":{"allow":["GET"]}}],"collection":[{"href":"https:\/\/jorgezanoni.com.br\/2019\/wp-json\/wp\/v2\/posts"}],"about":[{"href":"https:\/\/jorgezanoni.com.br\/2019\/wp-json\/wp\/v2\/types\/post"}],"author":[{"embeddable":true,"href":"https:\/\/jorgezanoni.com.br\/2019\/wp-json\/wp\/v2\/users\/1"}],"replies":[{"embeddable":true,"href":"https:\/\/jorgezanoni.com.br\/2019\/wp-json\/wp\/v2\/comments?post=66354"}],"version-history":[{"count":1,"href":"https:\/\/jorgezanoni.com.br\/2019\/wp-json\/wp\/v2\/posts\/66354\/revisions"}],"predecessor-version":[{"id":66356,"href":"https:\/\/jorgezanoni.com.br\/2019\/wp-json\/wp\/v2\/posts\/66354\/revisions\/66356"}],"wp:featuredmedia":[{"embeddable":true,"href":"https:\/\/jorgezanoni.com.br\/2019\/wp-json\/wp\/v2\/media\/66355"}],"wp:attachment":[{"href":"https:\/\/jorgezanoni.com.br\/2019\/wp-json\/wp\/v2\/media?parent=66354"}],"wp:term":[{"taxonomy":"category","embeddable":true,"href":"https:\/\/jorgezanoni.com.br\/2019\/wp-json\/wp\/v2\/categories?post=66354"},{"taxonomy":"post_tag","embeddable":true,"href":"https:\/\/jorgezanoni.com.br\/2019\/wp-json\/wp\/v2\/tags?post=66354"}],"curies":[{"name":"wp","href":"https:\/\/api.w.org\/{rel}","templated":true}]}}