{"id":66351,"date":"2022-07-12T23:49:24","date_gmt":"2022-07-12T23:49:24","guid":{"rendered":"https:\/\/jorgezanoni.com.br\/2019\/?p=66351"},"modified":"2022-07-12T23:49:24","modified_gmt":"2022-07-12T23:49:24","slug":"aloprados-as-redes-sociais-e-cenario-provinciano-por-sergio-barbosa","status":"publish","type":"post","link":"https:\/\/jorgezanoni.com.br\/2019\/aloprados-as-redes-sociais-e-cenario-provinciano-por-sergio-barbosa\/","title":{"rendered":"Aloprados\/as, Redes Sociais e cen\u00e1rio provinciano&#8230; (por S\u00e9rgio Barbosa)"},"content":{"rendered":"<p style=\"text-align: justify;\"><strong>Aloprados\/as, Redes Sociais e cen\u00e1rio provinciano&#8230;<\/strong><\/p>\n<p style=\"text-align: justify;\"><em>&#8220;Mesmo que tenha sessenta conselheiros, consulta a ti mesmo.&#8221; (Prov\u00e9rbio Hebreu)<\/em><\/p>\n<p style=\"text-align: justify;\"><strong><em>S\u00e9rgio Barbosa (*)<\/em><\/strong><\/p>\n<p style=\"text-align: justify;\">Faz alguns meses, tamb\u00e9m, pode ser uns quatro ou cinco anos, que as denominadas redes sociais est\u00e3o &#8220;bombando&#8221; nos quatro cantos do &#8220;Pa\u00eds do faz de conta&#8221;, ainda, que nas \u00faltimas elei\u00e7\u00f5es para presidente tupiniquim \u00e9 que a coisa pegou para todos os lados de um mesmo lado&#8230;<\/p>\n<p style=\"text-align: justify;\">Ainda, tudo indica que nestas \u201celei\u00e7\u00f5es\u201d agendadas para outubro para diversos cargos com mandato, ainda, prevendo a realiza\u00e7\u00e3o de \u201csegundo turno\u201d para presidente e governadores\/as, muitos desencontros estar\u00e3o ocorrendo em nome disto ou daquilo, ainda, com a prolifera\u00e7\u00e3o dos famigerados \u201cfake News\u201d nas Redes Sociais com suas respectivas plataformas&#8230;<\/p>\n<p style=\"text-align: justify;\">Entretanto, na maioria das Prov\u00edncias, pode-se afirmar que as denominadas p\u00e1ginas, sites, blog\u00b4s e outros, mais atrapalham do que ajudam, tendo em vista que a predomin\u00e2ncia do &#8220;senso comum&#8221; nas conversas e di\u00e1logos entre os internautas, bem como, nas postagens, neste caso, quase sempre de acordo com este ou aquele interesse provinciano&#8230;<\/p>\n<p style=\"text-align: justify;\">Mesmo assim, a internet \u00e9 mais do que uma ferramenta neste tempo novo tempo, portanto, torna-se necess\u00e1rio estar em conex\u00e3o com essa m\u00eddia digital em tempo de p\u00f3s-globaliza\u00e7\u00e3o midi\u00e1tica&#8230;<\/p>\n<p style=\"text-align: justify;\">Por\u00e9m, como afirma o pesquisador, Noam Chomsky, deve-se ficar o mais longe poss\u00edvel da proposta do &#8220;consenso fabricado&#8221; que a m\u00eddia patrocina por meio das mais diversas propostas visando a manipula\u00e7\u00e3o do p\u00fablico e outros interessados em geral&#8230;<\/p>\n<p style=\"text-align: justify;\">Mas, voltando ao nosso contexto, ou melhor, cen\u00e1rio provinciano, estar alerta para as postagens ou mensagens direcionadas por esta ou aquela pessoa ou grupos, tendo em vista que todos s\u00e3o pautados pelos interesses que os mesmos representam na Prov\u00edncia, ou seja, associa\u00e7\u00f5es, igrejas, grupos, institui\u00e7\u00f5es, clubes, lojas, partidos pol\u00edticos, empresas e outros&#8230;<\/p>\n<p style=\"text-align: justify;\">Nestes ocasos entre os casos e mais casos com as postagens e mensagens trocadas entre os internautas nas redes sociais, &#8220;todo cuidado \u00e9 pouco&#8221; como afirma do dito tupiniquim, pois, os\/as aloprados\/as est\u00e3o em todos os cantos com suas opini\u00f5es mediadas pelo &#8220;senso comum&#8221; e o pior, querendo se impor frente ao outro lado com suas meias verdades de muitas mentiras&#8230;<\/p>\n<p style=\"text-align: justify;\">Cada qual deve saber os seus limites neste jogo patrocinado pelas redes sociais, entretanto, faz-se necess\u00e1rio estar em sintonia com as &#8220;fontes&#8221; para que o &#8220;tiro n\u00e3o saia pela culatra&#8221;, ainda, tudo aquilo que \u00e9 postado, fica registrado e \u00e9 passivo de c\u00f3pia por quem est\u00e1 acessando a p\u00e1gina e assim por diante&#8230;<\/p>\n<p style=\"text-align: justify;\">Os interesses s\u00e3o muitos para os espertos de sempre, ainda mais em terras provincianas, quando os grupos quase sempre s\u00e3o os mesmos de sempre, pois, quem est\u00e1 no poder (sic) n\u00e3o quer sair e quem est\u00e1 do lado de fora deste mesmo poder, quer entrar&#8230;<\/p>\n<p style=\"text-align: justify;\">Finalizando meu caro leitor ou leitora, na realidade o que \u00e9 mais interessante destas redes sociais, s\u00e3o os posicionamentos dos lados que destoam das suas posturas frente aos interesses da comunidade provinciana, haja vista que a proposta da oposi\u00e7\u00e3o, neste caso, n\u00e3o interessa \u00e0 \u00e1rea, pode-se afirmar ou escrever, que \u00e9 pautada pela mesmice de sempre, ou seja, &#8220;quanto pior, melhor&#8230;&#8221;<\/p>\n<p style=\"text-align: justify;\"><em>___________________________________<\/em><\/p>\n<p style=\"text-align: justify;\"><em>(*) jornalista diplomado e professor universit\u00e1rio.<\/em><\/p>\n<p style=\"text-align: justify;\"><em>e-mail: <\/em><a href=\"mailto:barbosa.sebar@gmail.com\"><em>barbosa.sebar@gmail.com<\/em><\/a><\/p>\n","protected":false},"excerpt":{"rendered":"<p>Aloprados\/as, Redes Sociais e cen\u00e1rio provinciano&#8230; &#8220;Mesmo que tenha sessenta conselheiros, consulta a ti mesmo.&#8221; (Prov\u00e9rbio Hebreu) S\u00e9rgio Barbosa (*) Faz alguns meses, tamb\u00e9m, pode ser uns quatro ou cinco anos, que as denominadas redes sociais est\u00e3o &#8220;bombando&#8221; nos quatro cantos do &#8220;Pa\u00eds do faz de conta&#8221;, ainda, que nas \u00faltimas elei\u00e7\u00f5es para presidente tupiniquim [&hellip;]<\/p>\n","protected":false},"author":1,"featured_media":66352,"comment_status":"closed","ping_status":"open","sticky":false,"template":"","format":"standard","meta":{"footnotes":""},"categories":[175],"tags":[],"class_list":["post-66351","post","type-post","status-publish","format-standard","has-post-thumbnail","hentry","category-artigos"],"_links":{"self":[{"href":"https:\/\/jorgezanoni.com.br\/2019\/wp-json\/wp\/v2\/posts\/66351","targetHints":{"allow":["GET"]}}],"collection":[{"href":"https:\/\/jorgezanoni.com.br\/2019\/wp-json\/wp\/v2\/posts"}],"about":[{"href":"https:\/\/jorgezanoni.com.br\/2019\/wp-json\/wp\/v2\/types\/post"}],"author":[{"embeddable":true,"href":"https:\/\/jorgezanoni.com.br\/2019\/wp-json\/wp\/v2\/users\/1"}],"replies":[{"embeddable":true,"href":"https:\/\/jorgezanoni.com.br\/2019\/wp-json\/wp\/v2\/comments?post=66351"}],"version-history":[{"count":1,"href":"https:\/\/jorgezanoni.com.br\/2019\/wp-json\/wp\/v2\/posts\/66351\/revisions"}],"predecessor-version":[{"id":66353,"href":"https:\/\/jorgezanoni.com.br\/2019\/wp-json\/wp\/v2\/posts\/66351\/revisions\/66353"}],"wp:featuredmedia":[{"embeddable":true,"href":"https:\/\/jorgezanoni.com.br\/2019\/wp-json\/wp\/v2\/media\/66352"}],"wp:attachment":[{"href":"https:\/\/jorgezanoni.com.br\/2019\/wp-json\/wp\/v2\/media?parent=66351"}],"wp:term":[{"taxonomy":"category","embeddable":true,"href":"https:\/\/jorgezanoni.com.br\/2019\/wp-json\/wp\/v2\/categories?post=66351"},{"taxonomy":"post_tag","embeddable":true,"href":"https:\/\/jorgezanoni.com.br\/2019\/wp-json\/wp\/v2\/tags?post=66351"}],"curies":[{"name":"wp","href":"https:\/\/api.w.org\/{rel}","templated":true}]}}