{"id":6614,"date":"2019-09-19T01:48:10","date_gmt":"2019-09-19T01:48:10","guid":{"rendered":"https:\/\/jorgezanoni.com.br\/2019\/?p=6614"},"modified":"2019-09-19T01:48:10","modified_gmt":"2019-09-19T01:48:10","slug":"fcat-realizara-1a-fase-do-xxxi-congresso-de-iniciacao-cientifica-evento-sera-realizado-na-praca-arthur-pagnozzi-em-dracena","status":"publish","type":"post","link":"https:\/\/jorgezanoni.com.br\/2019\/fcat-realizara-1a-fase-do-xxxi-congresso-de-iniciacao-cientifica-evento-sera-realizado-na-praca-arthur-pagnozzi-em-dracena\/","title":{"rendered":"FCAT realizar\u00e1 1\u00aa Fase do XXXI Congresso de Inicia\u00e7\u00e3o Cient\u00edfica Evento ser\u00e1 realizado na Pra\u00e7a Arthur Pagnozzi, em Dracena"},"content":{"rendered":"<p style=\"text-align: justify;\"><strong>FCAT realizar\u00e1 1\u00aa Fase do XXXI Congresso de Inicia\u00e7\u00e3o Cient\u00edfica<\/strong><\/p>\n<p style=\"text-align: justify;\">Evento ser\u00e1 realizado na Pra\u00e7a Arthur Pagnozzi, em Dracena<\/p>\n<p style=\"text-align: justify;\">por: Renan Buchini \u2013 Comiss\u00e3o de Divulga\u00e7\u00e3o<\/p>\n<p style=\"text-align: justify;\">A 1\u00aa fase do XXXI Congresso de Inicia\u00e7\u00e3o Cient\u00edfica (CIC) da Unesp ser\u00e1 realizada pela Faculdade de Ci\u00eancias Agr\u00e1rias e Tecnol\u00f3gicas \u2013 FCAT no dia 27 de setembro de 2019, e, diferentemente dos anos anteriores, ser\u00e1 sediada na Pra\u00e7a \u201cArthur Pagnozzi\u201d, a partir das 15h30, com t\u00e9rmino previsto \u00e0s 19h.<\/p>\n<p style=\"text-align: justify;\">Haver\u00e1 a apresenta\u00e7\u00e3o de mais de 90 trabalhos cient\u00edficos, expostos em formatos de p\u00f4steres, desenvolvidos pelos alunos da UNESP de Dracena.<\/p>\n<p style=\"text-align: justify;\">Parcerias firmadas com a Glencane e Pol\u00edcia Ambiental promover\u00e3o a doa\u00e7\u00e3o de mudas frut\u00edferas nativas para a popula\u00e7\u00e3o de Dracena e regi\u00e3o.<\/p>\n<p style=\"text-align: justify;\">\u201cO Congresso de Inicia\u00e7\u00e3o Cient\u00edfica \u00e9 um evento tradicional da UNESP, traremos a sua 31\u00aa edi\u00e7\u00e3o para a pra\u00e7a central da cidade com o intuito de nos aproximarmos ainda mais da comunidade dracenense mostrando-lhe os resultados das pesquisas que desenvolvemos na nossa institui\u00e7\u00e3o. Al\u00e9m disso, a comiss\u00e3o organizadora est\u00e1 trabalhando para termos outras atra\u00e7\u00f5es para a popula\u00e7\u00e3o durante a tarde do dia 27 de setembro. Deixamos aqui o convite a todos que moram em Dracena e regi\u00e3o para prestigiar nossas atividades, pois setembro \u00e9 o m\u00eas da primavera, participem conosco cultivando a ci\u00eancia e plantando \u00e1rvores.\u201d, afirmou a professora Claudia Maria Bertan Membrive, presidente da Comiss\u00e3o Permanente de Pesquisa, respons\u00e1vel pela organiza\u00e7\u00e3o do Evento.<\/p>\n<p style=\"text-align: justify;\">At\u00e9 o momento, est\u00e3o previstas algumas atividades l\u00fadicas-cient\u00edficas voltadas para crian\u00e7as: mostra de produ\u00e7\u00e3o de mel e bicho-da-seda, aplica\u00e7\u00e3o do conceito de compostagem, ilustra\u00e7\u00e3o de diferentes tipos de solos e produ\u00e7\u00e3o de cogumelos.<\/p>\n<p>Fonte: Assessoria Unesp<\/p>\n","protected":false},"excerpt":{"rendered":"<p>FCAT realizar\u00e1 1\u00aa Fase do XXXI Congresso de Inicia\u00e7\u00e3o Cient\u00edfica Evento ser\u00e1 realizado na Pra\u00e7a Arthur Pagnozzi, em Dracena por: Renan Buchini \u2013 Comiss\u00e3o de Divulga\u00e7\u00e3o A 1\u00aa fase do XXXI Congresso de Inicia\u00e7\u00e3o Cient\u00edfica (CIC) da Unesp ser\u00e1 realizada pela Faculdade de Ci\u00eancias Agr\u00e1rias e Tecnol\u00f3gicas \u2013 FCAT no dia 27 de setembro de [&hellip;]<\/p>\n","protected":false},"author":1,"featured_media":6615,"comment_status":"closed","ping_status":"open","sticky":false,"template":"","format":"standard","meta":{"footnotes":""},"categories":[122],"tags":[],"class_list":["post-6614","post","type-post","status-publish","format-standard","has-post-thumbnail","hentry","category-saudeeducacaoeconcurso"],"_links":{"self":[{"href":"https:\/\/jorgezanoni.com.br\/2019\/wp-json\/wp\/v2\/posts\/6614","targetHints":{"allow":["GET"]}}],"collection":[{"href":"https:\/\/jorgezanoni.com.br\/2019\/wp-json\/wp\/v2\/posts"}],"about":[{"href":"https:\/\/jorgezanoni.com.br\/2019\/wp-json\/wp\/v2\/types\/post"}],"author":[{"embeddable":true,"href":"https:\/\/jorgezanoni.com.br\/2019\/wp-json\/wp\/v2\/users\/1"}],"replies":[{"embeddable":true,"href":"https:\/\/jorgezanoni.com.br\/2019\/wp-json\/wp\/v2\/comments?post=6614"}],"version-history":[{"count":0,"href":"https:\/\/jorgezanoni.com.br\/2019\/wp-json\/wp\/v2\/posts\/6614\/revisions"}],"wp:featuredmedia":[{"embeddable":true,"href":"https:\/\/jorgezanoni.com.br\/2019\/wp-json\/wp\/v2\/media\/6615"}],"wp:attachment":[{"href":"https:\/\/jorgezanoni.com.br\/2019\/wp-json\/wp\/v2\/media?parent=6614"}],"wp:term":[{"taxonomy":"category","embeddable":true,"href":"https:\/\/jorgezanoni.com.br\/2019\/wp-json\/wp\/v2\/categories?post=6614"},{"taxonomy":"post_tag","embeddable":true,"href":"https:\/\/jorgezanoni.com.br\/2019\/wp-json\/wp\/v2\/tags?post=6614"}],"curies":[{"name":"wp","href":"https:\/\/api.w.org\/{rel}","templated":true}]}}