{"id":66122,"date":"2022-07-08T18:02:30","date_gmt":"2022-07-08T18:02:30","guid":{"rendered":"https:\/\/jorgezanoni.com.br\/2019\/?p=66122"},"modified":"2022-07-08T18:02:30","modified_gmt":"2022-07-08T18:02:30","slug":"dracena-tempersul-unifadra-estreia-na-liga-paulista-em-araraquara","status":"publish","type":"post","link":"https:\/\/jorgezanoni.com.br\/2019\/dracena-tempersul-unifadra-estreia-na-liga-paulista-em-araraquara\/","title":{"rendered":"Dracena Tempersul Unifadra estreia na Liga Paulista em Araraquara"},"content":{"rendered":"<p class=\"v1MsoNormal\" style=\"text-align: justify;\">Atual bicampe\u00e3o da Liga Paulista, o Dracena Tempersul Unifadra faz seu primeiro jogo na competi\u00e7\u00e3o de 2022 contra o Uniara\/Araraquara neste sexta-feira (8), \u00e0s 20h, no gin\u00e1sio Gigant\u00e3o, casa do advers\u00e1rio.<\/p>\n<p class=\"v1MsoNormal\" style=\"text-align: justify;\">Para este duelo o t\u00e9cnico Flavinho Cavalcante contar\u00e1 com todo o elenco \u00e0 disposi\u00e7\u00e3o, inclusive os novos contratados: goleiro Tiago, fixo Alem\u00e3o, ala Two e piv\u00f4 Jackson. A exce\u00e7\u00e3o fica por conta do ala Marcelinho, que cumprir\u00e1 o jogo de suspens\u00e3o imposta pelo STJD da Liga.<\/p>\n<p class=\"v1MsoNormal\" style=\"text-align: justify;\">Para o comandante dracenense, &#8220;a partida de estreia costuma ser diferente, principalmente no in\u00edcio de jogo, com uma certa ansiedade. Aliado ao isso, estamos a dois meses sem jogar uma competi\u00e7\u00e3o oficial, o proporciona uma quebra no ritmo. Mesmo assim, estou muito animado com o n\u00edvel apresentado nos treinamentos e confiante com um bom desempenho nesse primeiro duelo&#8221;.<\/p>\n<p class=\"v1MsoNormal\" style=\"text-align: justify;\">Para o capit\u00e3o do Dracena Tempersul Unifadra, o fixo Paulo Victor, &#8220;a expectativa \u00e9 sempre a melhor poss\u00edvel, inclusive com aquele frio na barriga por ser estreia&#8221;. O experiente defensor ainda completou. &#8220;Sabemos da nossa responsabilidade, de defender o t\u00edtulo da Liga Paulista, e da necessidade de resgatar o bom futsal que caracteriza nossa equipe. Temos que fazer um segundo semestre totalmente diferente do primeiro e isso passa pela estreia. Come\u00e7ar ganhando fora de casa seria o melhor cen\u00e1rio para a competi\u00e7\u00e3o&#8221;, salientou.<\/p>\n<p class=\"v1MsoNormal\" style=\"text-align: justify;\">A equipe deixou Dracena rumo a Araraquara e ainda hoje faz um treino de reconhecimento de quadra no gin\u00e1sio Gigant\u00e3o.<\/p>\n<p class=\"v1MsoNormal\" style=\"text-align: justify;\"><b>Hist\u00f3rico do confronto<\/b><\/p>\n<p class=\"v1MsoNormal\" style=\"text-align: justify;\">Em Araraquara, as equipes se enfrentaram em tr\u00eas oportunidades pela Liga Paulista e Copa da LPF (antiga Copa Paulista). Os dracenenses venceram duas vezes, enquanto os donos da casa triunfaram apenas uma. O time do Oeste Paulista marcou em 12 oportunidades, enquanto o advers\u00e1rio fez nove.<\/p>\n<p>Fonte: Depto. Comunica\u00e7\u00e3o Fundec<\/p>\n","protected":false},"excerpt":{"rendered":"<p>Atual bicampe\u00e3o da Liga Paulista, o Dracena Tempersul Unifadra faz seu primeiro jogo na competi\u00e7\u00e3o de 2022 contra o Uniara\/Araraquara neste sexta-feira (8), \u00e0s 20h, no gin\u00e1sio Gigant\u00e3o, casa do advers\u00e1rio. Para este duelo o t\u00e9cnico Flavinho Cavalcante contar\u00e1 com todo o elenco \u00e0 disposi\u00e7\u00e3o, inclusive os novos contratados: goleiro Tiago, fixo Alem\u00e3o, ala Two [&hellip;]<\/p>\n","protected":false},"author":1,"featured_media":66123,"comment_status":"closed","ping_status":"open","sticky":false,"template":"","format":"standard","meta":{"footnotes":""},"categories":[111,110],"tags":[],"class_list":["post-66122","post","type-post","status-publish","format-standard","has-post-thumbnail","hentry","category-esporteecultura","category-noticiasdestaque"],"_links":{"self":[{"href":"https:\/\/jorgezanoni.com.br\/2019\/wp-json\/wp\/v2\/posts\/66122","targetHints":{"allow":["GET"]}}],"collection":[{"href":"https:\/\/jorgezanoni.com.br\/2019\/wp-json\/wp\/v2\/posts"}],"about":[{"href":"https:\/\/jorgezanoni.com.br\/2019\/wp-json\/wp\/v2\/types\/post"}],"author":[{"embeddable":true,"href":"https:\/\/jorgezanoni.com.br\/2019\/wp-json\/wp\/v2\/users\/1"}],"replies":[{"embeddable":true,"href":"https:\/\/jorgezanoni.com.br\/2019\/wp-json\/wp\/v2\/comments?post=66122"}],"version-history":[{"count":1,"href":"https:\/\/jorgezanoni.com.br\/2019\/wp-json\/wp\/v2\/posts\/66122\/revisions"}],"predecessor-version":[{"id":66124,"href":"https:\/\/jorgezanoni.com.br\/2019\/wp-json\/wp\/v2\/posts\/66122\/revisions\/66124"}],"wp:featuredmedia":[{"embeddable":true,"href":"https:\/\/jorgezanoni.com.br\/2019\/wp-json\/wp\/v2\/media\/66123"}],"wp:attachment":[{"href":"https:\/\/jorgezanoni.com.br\/2019\/wp-json\/wp\/v2\/media?parent=66122"}],"wp:term":[{"taxonomy":"category","embeddable":true,"href":"https:\/\/jorgezanoni.com.br\/2019\/wp-json\/wp\/v2\/categories?post=66122"},{"taxonomy":"post_tag","embeddable":true,"href":"https:\/\/jorgezanoni.com.br\/2019\/wp-json\/wp\/v2\/tags?post=66122"}],"curies":[{"name":"wp","href":"https:\/\/api.w.org\/{rel}","templated":true}]}}