{"id":66119,"date":"2022-07-08T17:52:03","date_gmt":"2022-07-08T17:52:03","guid":{"rendered":"https:\/\/jorgezanoni.com.br\/2019\/?p=66119"},"modified":"2022-07-08T17:52:03","modified_gmt":"2022-07-08T17:52:03","slug":"dracena-tempersul-unifadra-recebe-a-visita-de-patrocinador-master","status":"publish","type":"post","link":"https:\/\/jorgezanoni.com.br\/2019\/dracena-tempersul-unifadra-recebe-a-visita-de-patrocinador-master\/","title":{"rendered":"Dracena Tempersul Unifadra recebe a visita de patrocinador master"},"content":{"rendered":"<p style=\"text-align: justify;\"><span style=\"font-size: large;\">O treinamento desta ter\u00e7a-feira (5) do Dracena Tempersul Unifadra contou com presen\u00e7as ilustres no Gin\u00e1sio Alaor Ferrari. Acompanharam a movimenta\u00e7\u00e3o o diretor executivo da Fundec (mantenedora da Unifadra) Edson Kai e o secret\u00e1rio assistente Fernando Nunes.<\/span><\/p>\n<p><span style=\"font-size: large;\">Incentivadora da equipe desde a sua cria\u00e7\u00e3o em 2016, este ano a Unifadra assumiu o posto de patrocinadora master, ao lado da Tempersul e da Prefeitura de Dracena.<\/span><\/p>\n<p><span style=\"font-size: large;\">Na oportunidade, eles conversaram com o elenco, ressaltaram a import\u00e2ncia da parceria e desejaram sucesso na Liga Paulista. A estreia da equipe na competi\u00e7\u00e3o est\u00e1 agendada para a pr\u00f3xima sexta-feira (8), em Araraquara, frente ao time da casa.<\/span><\/p>\n<p><span style=\"font-size: large;\">&#8220;Em nossa institui\u00e7\u00e3o, valorizamos o esporte e desejamos muito sucesso \u00e0 equipe profissional que vai disputar os jogos da Liga Paulista representando a nossa cidade&#8221;, disse Edson Kai, que tamb\u00e9m ressaltou no encontro a import\u00e2ncia da valoriza\u00e7\u00e3o dos atletas, feita pela Unifadra, por meio da oferta de forma\u00e7\u00e3o em cursos superiores &#8211; e uma natural prefer\u00eancia dos jogadores pelo curso de Educa\u00e7\u00e3o F\u00edsica.<\/span><\/p>\n<p><span style=\"font-size: large;\">O secret\u00e1rio assistente Fernando Nunes comentou ainda sobre as unidades escolares mantidas pela Fundec (CEP\/UME, Anglo-CID e Unifadra) e refor\u00e7ou a import\u00e2ncia do projeto que leva qualifica\u00e7\u00e3o superior aos atletas, destacando o trabalho feito no esporte de nossa cidade, e finalizando: &#8220;estaremos juntos neste pr\u00f3ximo semestre e nos pr\u00f3ximos anos&#8221;.<\/span><\/p>\n<p><span style=\"font-size: large;\">O diretor do Dracena Tempersul Unifadra, Leandro Rossi, destacou a import\u00e2ncia desta uni\u00e3o de for\u00e7as com a institui\u00e7\u00e3o de ensino. &#8220;A Unifadra \u00e9 uma patrocinadora desde que a equipe foi criada e esse ano assumiu como master, nos apoiando cada vez mais. Al\u00e9m disso, em nossa comiss\u00e3o t\u00e9cnica sempre tivemos profissionais por ela formados ou que atuam em seu quadro de professores. Neste ano, temos o\u00a0<\/span>Kynha,<span style=\"font-size: large;\">\u00a0o\u00a0<\/span>Camuci,<span style=\"font-size: large;\">\u00a0o Ded\u00ea e os estagi\u00e1rios Jo\u00e3o e Guilherme&#8221;.<\/span><\/p>\n<p>Fonte: Depto. de Comunica\u00e7\u00e3o da Fundec<\/p>\n","protected":false},"excerpt":{"rendered":"<p>O treinamento desta ter\u00e7a-feira (5) do Dracena Tempersul Unifadra contou com presen\u00e7as ilustres no Gin\u00e1sio Alaor Ferrari. Acompanharam a movimenta\u00e7\u00e3o o diretor executivo da Fundec (mantenedora da Unifadra) Edson Kai e o secret\u00e1rio assistente Fernando Nunes. Incentivadora da equipe desde a sua cria\u00e7\u00e3o em 2016, este ano a Unifadra assumiu o posto de patrocinadora master, [&hellip;]<\/p>\n","protected":false},"author":1,"featured_media":66120,"comment_status":"closed","ping_status":"open","sticky":false,"template":"","format":"standard","meta":{"footnotes":""},"categories":[110,122],"tags":[],"class_list":["post-66119","post","type-post","status-publish","format-standard","has-post-thumbnail","hentry","category-noticiasdestaque","category-saudeeducacaoeconcurso"],"_links":{"self":[{"href":"https:\/\/jorgezanoni.com.br\/2019\/wp-json\/wp\/v2\/posts\/66119","targetHints":{"allow":["GET"]}}],"collection":[{"href":"https:\/\/jorgezanoni.com.br\/2019\/wp-json\/wp\/v2\/posts"}],"about":[{"href":"https:\/\/jorgezanoni.com.br\/2019\/wp-json\/wp\/v2\/types\/post"}],"author":[{"embeddable":true,"href":"https:\/\/jorgezanoni.com.br\/2019\/wp-json\/wp\/v2\/users\/1"}],"replies":[{"embeddable":true,"href":"https:\/\/jorgezanoni.com.br\/2019\/wp-json\/wp\/v2\/comments?post=66119"}],"version-history":[{"count":1,"href":"https:\/\/jorgezanoni.com.br\/2019\/wp-json\/wp\/v2\/posts\/66119\/revisions"}],"predecessor-version":[{"id":66121,"href":"https:\/\/jorgezanoni.com.br\/2019\/wp-json\/wp\/v2\/posts\/66119\/revisions\/66121"}],"wp:featuredmedia":[{"embeddable":true,"href":"https:\/\/jorgezanoni.com.br\/2019\/wp-json\/wp\/v2\/media\/66120"}],"wp:attachment":[{"href":"https:\/\/jorgezanoni.com.br\/2019\/wp-json\/wp\/v2\/media?parent=66119"}],"wp:term":[{"taxonomy":"category","embeddable":true,"href":"https:\/\/jorgezanoni.com.br\/2019\/wp-json\/wp\/v2\/categories?post=66119"},{"taxonomy":"post_tag","embeddable":true,"href":"https:\/\/jorgezanoni.com.br\/2019\/wp-json\/wp\/v2\/tags?post=66119"}],"curies":[{"name":"wp","href":"https:\/\/api.w.org\/{rel}","templated":true}]}}