{"id":66116,"date":"2022-07-08T17:43:40","date_gmt":"2022-07-08T17:43:40","guid":{"rendered":"https:\/\/jorgezanoni.com.br\/2019\/?p=66116"},"modified":"2022-07-08T17:43:40","modified_gmt":"2022-07-08T17:43:40","slug":"fundec-divulgara-suas-unidades-escolares-na-fapidra-2022","status":"publish","type":"post","link":"https:\/\/jorgezanoni.com.br\/2019\/fundec-divulgara-suas-unidades-escolares-na-fapidra-2022\/","title":{"rendered":"Fundec divulgar\u00e1 suas unidades escolares na Fapidra 2022"},"content":{"rendered":"<p style=\"text-align: justify;\"><span style=\"font-size: large;\">A tradicional Feira Agropecu\u00e1ria e Industrial de Dracena &#8211; Fapidra ser\u00e1 realizada nos dias 20 a 24 de julho de 2022, no Recinto do Sindicato Rural, ap\u00f3s dois anos suspensa em raz\u00e3o da pandemia. Considerada a maior festa do Oeste Paulista, a Fapidra tem p\u00fablico estimado em mais de 40 mil pessoas durante o evento.<\/span><\/p>\n<p><span style=\"font-size: large;\">A Fundec tamb\u00e9m participa da retomada da Fapidra e divulga suas unidades escolares na feira, falando sobre o ensino fundamental e m\u00e9dio do Col\u00e9gio Anglo-CID, os cursos t\u00e9cnicos do CEP\/UME e os cursos superiores da Unifadra.<\/span><\/p>\n<p><span style=\"font-size: large;\">Por meio de locu\u00e7\u00e3o comercial, o variado p\u00fablico da Fapidra ser\u00e1 informado sobre as campanhas de vestibulares da Unifadra, que est\u00e3o com inscri\u00e7\u00f5es abertas at\u00e9 29\/07, e tamb\u00e9m vai conhecer o Ensino M\u00e9dio integrado ao T\u00e9cnico em Jogos Digitais, uma nova oportunidade para quem deseja concluir os estudos e ingressar rapidamente no mercado de trabalho.<\/span><\/p>\n<p><span style=\"font-size: large;\">Al\u00e9m de curtir os shows, o p\u00fablico ir\u00e1 conhecer as solu\u00e7\u00f5es educacionais oferecidas pelo Anglo-CID, CEP\/UME e Unifadra, que englobam todas as etapas de desenvolvimento do ser humano em sua forma\u00e7\u00e3o e profissionaliza\u00e7\u00e3o. E por meio dos v\u00eddeos, poder\u00e1 conhecer melhor a infraestrutura de todas as unidades escolares.<\/span><\/p>\n<p><span style=\"font-size: large;\"><b>Vestibular Unifadra (reserva de vagas 2023)<\/b><\/span><br \/>\n<span style=\"font-size: large;\">Prova Presencial | Prova On-line | Nota do ENEM<\/span><br \/>\n<span style=\"font-size: large;\">Inscri\u00e7\u00f5es: at\u00e9 29\/07 (<a href=\"https:\/\/fundec.edu.br\/vestibular\" target=\"_blank\" rel=\"noopener noreferrer\">https:\/\/fundec.edu.br\/vestibular<\/a>)<\/span><br \/>\n<span style=\"font-size: large;\">Matr\u00edculas: at\u00e9 16\/09, com isen\u00e7\u00e3o da taxa de matr\u00edcula e 25% de desconto nas mensalidades<\/span><\/p>\n<p><span style=\"font-size: large;\"><b>Cursos T\u00e9cnicos do CEP\/UME<\/b><\/span><br \/>\n<span style=\"font-size: large;\">Enfermagem | Est\u00e9tica | Radiologia | Edifica\u00e7\u00f5es | Seguran\u00e7a do Trabalho<\/span><br \/>\n<span style=\"font-size: large;\">Matr\u00edculas abertas: (18) 3821-9004 | (18) 99802-1237 (Whatsapp)<\/span><\/p>\n<p><b><span style=\"font-size: large;\">Ensino M\u00e9dio Integrado ao T\u00e9cnico em Jogos Digitais (reserva de vagas 2023)<\/span><br \/>\n<\/b><span style=\"font-size: large;\">Saiba mais:\u00a0<a href=\"https:\/\/fundec.edu.br\/jogosdigitais\" target=\"_blank\" rel=\"noopener noreferrer\">https:\/\/fundec.edu.br\/jogosdigitais<\/a><\/span><\/p>\n<p style=\"text-align: justify;\">\n","protected":false},"excerpt":{"rendered":"<p>A tradicional Feira Agropecu\u00e1ria e Industrial de Dracena &#8211; Fapidra ser\u00e1 realizada nos dias 20 a 24 de julho de 2022, no Recinto do Sindicato Rural, ap\u00f3s dois anos suspensa em raz\u00e3o da pandemia. Considerada a maior festa do Oeste Paulista, a Fapidra tem p\u00fablico estimado em mais de 40 mil pessoas durante o evento. [&hellip;]<\/p>\n","protected":false},"author":1,"featured_media":66117,"comment_status":"closed","ping_status":"open","sticky":false,"template":"","format":"standard","meta":{"footnotes":""},"categories":[110,122],"tags":[],"class_list":["post-66116","post","type-post","status-publish","format-standard","has-post-thumbnail","hentry","category-noticiasdestaque","category-saudeeducacaoeconcurso"],"_links":{"self":[{"href":"https:\/\/jorgezanoni.com.br\/2019\/wp-json\/wp\/v2\/posts\/66116","targetHints":{"allow":["GET"]}}],"collection":[{"href":"https:\/\/jorgezanoni.com.br\/2019\/wp-json\/wp\/v2\/posts"}],"about":[{"href":"https:\/\/jorgezanoni.com.br\/2019\/wp-json\/wp\/v2\/types\/post"}],"author":[{"embeddable":true,"href":"https:\/\/jorgezanoni.com.br\/2019\/wp-json\/wp\/v2\/users\/1"}],"replies":[{"embeddable":true,"href":"https:\/\/jorgezanoni.com.br\/2019\/wp-json\/wp\/v2\/comments?post=66116"}],"version-history":[{"count":1,"href":"https:\/\/jorgezanoni.com.br\/2019\/wp-json\/wp\/v2\/posts\/66116\/revisions"}],"predecessor-version":[{"id":66118,"href":"https:\/\/jorgezanoni.com.br\/2019\/wp-json\/wp\/v2\/posts\/66116\/revisions\/66118"}],"wp:featuredmedia":[{"embeddable":true,"href":"https:\/\/jorgezanoni.com.br\/2019\/wp-json\/wp\/v2\/media\/66117"}],"wp:attachment":[{"href":"https:\/\/jorgezanoni.com.br\/2019\/wp-json\/wp\/v2\/media?parent=66116"}],"wp:term":[{"taxonomy":"category","embeddable":true,"href":"https:\/\/jorgezanoni.com.br\/2019\/wp-json\/wp\/v2\/categories?post=66116"},{"taxonomy":"post_tag","embeddable":true,"href":"https:\/\/jorgezanoni.com.br\/2019\/wp-json\/wp\/v2\/tags?post=66116"}],"curies":[{"name":"wp","href":"https:\/\/api.w.org\/{rel}","templated":true}]}}