{"id":6611,"date":"2019-09-19T01:19:06","date_gmt":"2019-09-19T01:19:06","guid":{"rendered":"https:\/\/jorgezanoni.com.br\/2019\/?p=6611"},"modified":"2019-09-19T01:19:06","modified_gmt":"2019-09-19T01:19:06","slug":"detento-morre-dentro-de-penitenciaria-policia-civil-investiga-o-caso","status":"publish","type":"post","link":"https:\/\/jorgezanoni.com.br\/2019\/detento-morre-dentro-de-penitenciaria-policia-civil-investiga-o-caso\/","title":{"rendered":"Detento morre dentro de penitenci\u00e1ria, Pol\u00edcia Civil investiga o caso"},"content":{"rendered":"<p style=\"text-align: justify;\">A Pol\u00edcia Civil investiga a morte de um preso na Penitenci\u00e1ria de\u00a0Pracinha. O caso ocorreu na tarde desta ter\u00e7a-feira (17).<\/p>\n<p style=\"text-align: justify;\">Um agente de seguran\u00e7a penitenci\u00e1ria informou \u00e0 pol\u00edcia que o detento, de 47 anos, estava andando no pavilh\u00e3o um, quando caiu.<\/p>\n<p style=\"text-align: justify;\">Ele foi socorrido para a enfermaria da unidade, onde a m\u00e9dica respons\u00e1vel constatou a morte ap\u00f3s a realiza\u00e7\u00e3o de um exame de eletrocardiograma.<\/p>\n<p style=\"text-align: justify;\">O preso foi encaminhado para a Santa Casa de Adamantina.<\/p>\n<p style=\"text-align: justify;\">O motivo da morte ainda \u00e9 desconhecido e foi requisitado exame necrosc\u00f3pico para o corpo, segundo a pol\u00edcia.<\/p>\n<p style=\"text-align: justify;\">A penitenci\u00e1ria de Pracinha tem capacidade para 844 presos e abriga atualmente 1.874 detentos, segundo dados da Secretaria da Administra\u00e7\u00e3o Penitenci\u00e1ria do Estado de S\u00e3o Paulo (SAP).<\/p>\n<p style=\"text-align: justify;\"><strong>SAP<\/strong><\/p>\n<p style=\"text-align: justify;\">Foi solicitado posicionamento sobre o caso para a Secretaria da Administra\u00e7\u00e3o Penitenci\u00e1ria do Estado de S\u00e3o Paulo (SAP), mas n\u00e3o obteve resposta at\u00e9 o momento desta publica\u00e7\u00e3o. Fonte: G1<\/p>\n","protected":false},"excerpt":{"rendered":"<p>A Pol\u00edcia Civil investiga a morte de um preso na Penitenci\u00e1ria de\u00a0Pracinha. O caso ocorreu na tarde desta ter\u00e7a-feira (17). Um agente de seguran\u00e7a penitenci\u00e1ria informou \u00e0 pol\u00edcia que o detento, de 47 anos, estava andando no pavilh\u00e3o um, quando caiu. Ele foi socorrido para a enfermaria da unidade, onde a m\u00e9dica respons\u00e1vel constatou a [&hellip;]<\/p>\n","protected":false},"author":1,"featured_media":6612,"comment_status":"closed","ping_status":"open","sticky":false,"template":"","format":"standard","meta":{"footnotes":""},"categories":[2],"tags":[],"class_list":["post-6611","post","type-post","status-publish","format-standard","has-post-thumbnail","hentry","category-policial"],"_links":{"self":[{"href":"https:\/\/jorgezanoni.com.br\/2019\/wp-json\/wp\/v2\/posts\/6611","targetHints":{"allow":["GET"]}}],"collection":[{"href":"https:\/\/jorgezanoni.com.br\/2019\/wp-json\/wp\/v2\/posts"}],"about":[{"href":"https:\/\/jorgezanoni.com.br\/2019\/wp-json\/wp\/v2\/types\/post"}],"author":[{"embeddable":true,"href":"https:\/\/jorgezanoni.com.br\/2019\/wp-json\/wp\/v2\/users\/1"}],"replies":[{"embeddable":true,"href":"https:\/\/jorgezanoni.com.br\/2019\/wp-json\/wp\/v2\/comments?post=6611"}],"version-history":[{"count":0,"href":"https:\/\/jorgezanoni.com.br\/2019\/wp-json\/wp\/v2\/posts\/6611\/revisions"}],"wp:featuredmedia":[{"embeddable":true,"href":"https:\/\/jorgezanoni.com.br\/2019\/wp-json\/wp\/v2\/media\/6612"}],"wp:attachment":[{"href":"https:\/\/jorgezanoni.com.br\/2019\/wp-json\/wp\/v2\/media?parent=6611"}],"wp:term":[{"taxonomy":"category","embeddable":true,"href":"https:\/\/jorgezanoni.com.br\/2019\/wp-json\/wp\/v2\/categories?post=6611"},{"taxonomy":"post_tag","embeddable":true,"href":"https:\/\/jorgezanoni.com.br\/2019\/wp-json\/wp\/v2\/tags?post=6611"}],"curies":[{"name":"wp","href":"https:\/\/api.w.org\/{rel}","templated":true}]}}