{"id":66083,"date":"2022-07-07T22:10:04","date_gmt":"2022-07-07T22:10:04","guid":{"rendered":"https:\/\/jorgezanoni.com.br\/2019\/?p=66083"},"modified":"2022-07-08T16:11:16","modified_gmt":"2022-07-08T16:11:16","slug":"morre-leonardo-sanches-antigo-morador-da-vila-barros-e-ex-vereador-em-dracena","status":"publish","type":"post","link":"https:\/\/jorgezanoni.com.br\/2019\/morre-leonardo-sanches-antigo-morador-da-vila-barros-e-ex-vereador-em-dracena\/","title":{"rendered":"Morre Leonardo Sanches antigo morador da Vila Barros e ex-vereador em Dracena"},"content":{"rendered":"<p style=\"text-align: justify;\">Comunicamos com pesar o falecimento do sr. Leonardo Sanches de 91 anos.<\/p>\n<p style=\"text-align: justify;\">Antigo morador na Vila Barros, sendo Barbeiro de profiss\u00e3o, foi Vereador na C\u00e2mara de Dracena na <span class=\"style6\">8\u00aa Legislatura <\/span><span class=\"style5\">01\/02\/1977 a 31\/01\/1983 pelo <\/span><span class=\"style5\">MDB, tendo sido eleito com <\/span><span class=\"style5\">384 Votos. Ainda participou da <\/span><span class=\"style6\">6\u00aa Legislatura <\/span><span class=\"style5\">02\/04\/1969 a 30\/01\/1973 <\/span><span class=\"style5\">MDB <\/span><span class=\"style5\">134 Votos sendo <\/span><span class=\"style5\">(Suplente)<\/span><\/p>\n<p><img loading=\"lazy\" decoding=\"async\" class=\"alignnone size-full wp-image-66086\" src=\"https:\/\/jorgezanoni.com.br\/2019\/wp-content\/uploads\/2022\/07\/LeonardoSanchez-CAM.jpg\" alt=\"\" width=\"188\" height=\"249\" \/> Foto: C\u00e2mara<\/p>\n<p style=\"text-align: justify;\">Deixa esposa, filhos, noras, netos, netos, bisnetos, demais familiares e amigos.<\/p>\n<p style=\"text-align: justify;\">O seu Corpo ser\u00e1 velado na sala III do Memorial Vida Prev, amanh\u00e3 (8) a partir das 06:00 Horas e o Sepultamento ocorre \u00e0s 13:00 Horas no Cemit\u00e9rio Municipal de Dracena.<\/p>\n<p style=\"text-align: justify;\">O Site JZ se solidariza com a fam\u00edlia e amigos, neste dif\u00edcil momento.<\/p>\n<p style=\"text-align: justify;\">Jorge Zanoni<\/p>\n<p><img loading=\"lazy\" decoding=\"async\" class=\"alignnone size-full wp-image-66084\" src=\"https:\/\/jorgezanoni.com.br\/2019\/wp-content\/uploads\/2022\/07\/Leonardo-Sanches.jpg\" alt=\"\" width=\"1280\" height=\"1279\" srcset=\"https:\/\/jorgezanoni.com.br\/2019\/wp-content\/uploads\/2022\/07\/Leonardo-Sanches.jpg 1280w, https:\/\/jorgezanoni.com.br\/2019\/wp-content\/uploads\/2022\/07\/Leonardo-Sanches-300x300.jpg 300w, https:\/\/jorgezanoni.com.br\/2019\/wp-content\/uploads\/2022\/07\/Leonardo-Sanches-1024x1024.jpg 1024w, https:\/\/jorgezanoni.com.br\/2019\/wp-content\/uploads\/2022\/07\/Leonardo-Sanches-150x150.jpg 150w, https:\/\/jorgezanoni.com.br\/2019\/wp-content\/uploads\/2022\/07\/Leonardo-Sanches-768x767.jpg 768w, https:\/\/jorgezanoni.com.br\/2019\/wp-content\/uploads\/2022\/07\/Leonardo-Sanches-696x695.jpg 696w, https:\/\/jorgezanoni.com.br\/2019\/wp-content\/uploads\/2022\/07\/Leonardo-Sanches-1068x1067.jpg 1068w, https:\/\/jorgezanoni.com.br\/2019\/wp-content\/uploads\/2022\/07\/Leonardo-Sanches-420x420.jpg 420w\" sizes=\"auto, (max-width: 1280px) 100vw, 1280px\" \/><\/p>\n","protected":false},"excerpt":{"rendered":"<p>Comunicamos com pesar o falecimento do sr. Leonardo Sanches de 91 anos. Antigo morador na Vila Barros, sendo Barbeiro de profiss\u00e3o, foi Vereador na C\u00e2mara de Dracena na 8\u00aa Legislatura 01\/02\/1977 a 31\/01\/1983 pelo MDB, tendo sido eleito com 384 Votos. Ainda participou da 6\u00aa Legislatura 02\/04\/1969 a 30\/01\/1973 MDB 134 Votos sendo (Suplente) Foto: [&hellip;]<\/p>\n","protected":false},"author":1,"featured_media":66087,"comment_status":"closed","ping_status":"open","sticky":false,"template":"","format":"standard","meta":{"footnotes":""},"categories":[178,110],"tags":[],"class_list":["post-66083","post","type-post","status-publish","format-standard","has-post-thumbnail","hentry","category-notadefalecimento","category-noticiasdestaque"],"_links":{"self":[{"href":"https:\/\/jorgezanoni.com.br\/2019\/wp-json\/wp\/v2\/posts\/66083","targetHints":{"allow":["GET"]}}],"collection":[{"href":"https:\/\/jorgezanoni.com.br\/2019\/wp-json\/wp\/v2\/posts"}],"about":[{"href":"https:\/\/jorgezanoni.com.br\/2019\/wp-json\/wp\/v2\/types\/post"}],"author":[{"embeddable":true,"href":"https:\/\/jorgezanoni.com.br\/2019\/wp-json\/wp\/v2\/users\/1"}],"replies":[{"embeddable":true,"href":"https:\/\/jorgezanoni.com.br\/2019\/wp-json\/wp\/v2\/comments?post=66083"}],"version-history":[{"count":2,"href":"https:\/\/jorgezanoni.com.br\/2019\/wp-json\/wp\/v2\/posts\/66083\/revisions"}],"predecessor-version":[{"id":66115,"href":"https:\/\/jorgezanoni.com.br\/2019\/wp-json\/wp\/v2\/posts\/66083\/revisions\/66115"}],"wp:featuredmedia":[{"embeddable":true,"href":"https:\/\/jorgezanoni.com.br\/2019\/wp-json\/wp\/v2\/media\/66087"}],"wp:attachment":[{"href":"https:\/\/jorgezanoni.com.br\/2019\/wp-json\/wp\/v2\/media?parent=66083"}],"wp:term":[{"taxonomy":"category","embeddable":true,"href":"https:\/\/jorgezanoni.com.br\/2019\/wp-json\/wp\/v2\/categories?post=66083"},{"taxonomy":"post_tag","embeddable":true,"href":"https:\/\/jorgezanoni.com.br\/2019\/wp-json\/wp\/v2\/tags?post=66083"}],"curies":[{"name":"wp","href":"https:\/\/api.w.org\/{rel}","templated":true}]}}