{"id":66078,"date":"2022-07-07T17:39:43","date_gmt":"2022-07-07T17:39:43","guid":{"rendered":"https:\/\/jorgezanoni.com.br\/2019\/?p=66078"},"modified":"2022-07-07T17:39:43","modified_gmt":"2022-07-07T17:39:43","slug":"policia-civil-apreendeu-alimentos-e-cestas-basicas-doados-pelo-governo-do-estado-e-comercializados-ilegalmente-em-junqueiropolis","status":"publish","type":"post","link":"https:\/\/jorgezanoni.com.br\/2019\/policia-civil-apreendeu-alimentos-e-cestas-basicas-doados-pelo-governo-do-estado-e-comercializados-ilegalmente-em-junqueiropolis\/","title":{"rendered":"Pol\u00edcia Civil apreendeu alimentos e Cestas B\u00e1sicas doados pelo Governo do Estado e comercializados ilegalmente em Junqueir\u00f3polis"},"content":{"rendered":"<p style=\"text-align: justify;\">A Pol\u00edcia Civil, por interm\u00e9dio da Delegacia de Pol\u00edcia de Junqueir\u00f3polis, apreendeu nesta quarta-feira (6), g\u00eaneros aliment\u00edcios de cesta b\u00e1sica doados pelo Governo do Estado que estavam sendo comercializadas ilegalmente num estabelecimento comercial, no munic\u00edpio de Junqueir\u00f3polis.<br \/>\nUma investiga\u00e7\u00e3o realizada por agentes, da Delegacia de Pol\u00edcia de Junqueir\u00f3polis, identificou um estabelecimento comercial no qual compondo o seu estoque havia uma destas cestas b\u00e1sicas com identifica\u00e7\u00e3o do bras\u00e3o oficial do Governo do Estado de S\u00e3o Paulo.<br \/>\nO propriet\u00e1rio do estabelecimento n\u00e3o estava no local, mas foi identificado. A Pol\u00edcia Civil tamb\u00e9m identificou a pessoa suspeita que recebeu as cestas dos \u00f3rg\u00e3os municipais e as comercializou.<br \/>\nO material foi apreendido e restitu\u00eddo \u00e0 Prefeitura Municipal de Junqueir\u00f3polis. A Pol\u00edcia Civil instaurou inqu\u00e9rito policial visando apurar eventual pr\u00e1tica dos crimes de falsidade ideol\u00f3gica e estelionato por parte da pessoa que recebeu os g\u00eaneros aliment\u00edcios e de recepta\u00e7\u00e3o em rela\u00e7\u00e3o ao propriet\u00e1rio do estabelecimento comercial que adquiriu os produtos.<\/p>\n<p style=\"text-align: justify;\">Fonte: Com. Social Pol\u00edcia Civil<\/p>\n","protected":false},"excerpt":{"rendered":"<p>A Pol\u00edcia Civil, por interm\u00e9dio da Delegacia de Pol\u00edcia de Junqueir\u00f3polis, apreendeu nesta quarta-feira (6), g\u00eaneros aliment\u00edcios de cesta b\u00e1sica doados pelo Governo do Estado que estavam sendo comercializadas ilegalmente num estabelecimento comercial, no munic\u00edpio de Junqueir\u00f3polis. Uma investiga\u00e7\u00e3o realizada por agentes, da Delegacia de Pol\u00edcia de Junqueir\u00f3polis, identificou um estabelecimento comercial no qual compondo [&hellip;]<\/p>\n","protected":false},"author":1,"featured_media":66079,"comment_status":"closed","ping_status":"open","sticky":false,"template":"","format":"standard","meta":{"footnotes":""},"categories":[110,2],"tags":[],"class_list":["post-66078","post","type-post","status-publish","format-standard","has-post-thumbnail","hentry","category-noticiasdestaque","category-policial"],"_links":{"self":[{"href":"https:\/\/jorgezanoni.com.br\/2019\/wp-json\/wp\/v2\/posts\/66078","targetHints":{"allow":["GET"]}}],"collection":[{"href":"https:\/\/jorgezanoni.com.br\/2019\/wp-json\/wp\/v2\/posts"}],"about":[{"href":"https:\/\/jorgezanoni.com.br\/2019\/wp-json\/wp\/v2\/types\/post"}],"author":[{"embeddable":true,"href":"https:\/\/jorgezanoni.com.br\/2019\/wp-json\/wp\/v2\/users\/1"}],"replies":[{"embeddable":true,"href":"https:\/\/jorgezanoni.com.br\/2019\/wp-json\/wp\/v2\/comments?post=66078"}],"version-history":[{"count":1,"href":"https:\/\/jorgezanoni.com.br\/2019\/wp-json\/wp\/v2\/posts\/66078\/revisions"}],"predecessor-version":[{"id":66080,"href":"https:\/\/jorgezanoni.com.br\/2019\/wp-json\/wp\/v2\/posts\/66078\/revisions\/66080"}],"wp:featuredmedia":[{"embeddable":true,"href":"https:\/\/jorgezanoni.com.br\/2019\/wp-json\/wp\/v2\/media\/66079"}],"wp:attachment":[{"href":"https:\/\/jorgezanoni.com.br\/2019\/wp-json\/wp\/v2\/media?parent=66078"}],"wp:term":[{"taxonomy":"category","embeddable":true,"href":"https:\/\/jorgezanoni.com.br\/2019\/wp-json\/wp\/v2\/categories?post=66078"},{"taxonomy":"post_tag","embeddable":true,"href":"https:\/\/jorgezanoni.com.br\/2019\/wp-json\/wp\/v2\/tags?post=66078"}],"curies":[{"name":"wp","href":"https:\/\/api.w.org\/{rel}","templated":true}]}}