{"id":6605,"date":"2019-09-19T00:40:28","date_gmt":"2019-09-19T00:40:28","guid":{"rendered":"https:\/\/jorgezanoni.com.br\/2019\/?p=6605"},"modified":"2019-09-19T00:40:45","modified_gmt":"2019-09-19T00:40:45","slug":"governo-de-sp-autoriza-investimentos-em-osvaldo-cruz-e-lucelia","status":"publish","type":"post","link":"https:\/\/jorgezanoni.com.br\/2019\/governo-de-sp-autoriza-investimentos-em-osvaldo-cruz-e-lucelia\/","title":{"rendered":"Governo de SP autoriza investimentos em Osvaldo Cruz e Luc\u00e9lia"},"content":{"rendered":"<p style=\"text-align: justify;\">O Governador em exerc\u00edcio Cau\u00ea Macris foi \u00e0 regi\u00e3o de Presidente Prudente nesta quarta-feira (18) para autorizar investimentos estaduais nas \u00e1reas da sa\u00fade e infraestrutura urbana em Osvaldo Cruz e Luc\u00e9lia.<\/p>\n<p style=\"text-align: justify;\">Presidente da Assembleia Legislativa, Cau\u00ea Macris assumiu o Governo no \u00faltimo domingo (15), j\u00e1 que o Governador Jo\u00e3o Doria e o Vice-governador Rodrigo Garcia est\u00e3o em agendas internacionais em busca de novos investimentos privados para S\u00e3o Paulo.<\/p>\n<p style=\"text-align: justify;\">Em Osvaldo Cruz, durante visita \u00e0 nova sede da 3\u00aa Companhia do 25\u00ba Batalh\u00e3o de Pol\u00edcia Militar do Interior (BPM\/I), Macris liberou R$ 250 mil para constru\u00e7\u00e3o do acesso ao Distrito Industrial 2, em frente \u00e0 sede do Sest\/Senat. No m\u00eas passado, o governo j\u00e1 havia liberado R$ 300 mil para essa obra, totalizando R$ 550 mil de investimento.<\/p>\n<p style=\"text-align: justify;\">\u201cComplementamos hoje o repasse de recursos para a constru\u00e7\u00e3o desse importante acesso, garantindo que a sua execu\u00e7\u00e3o aconte\u00e7a ainda este ano\u201d, disse o Governador em exerc\u00edcio.<\/p>\n<p style=\"text-align: justify;\">Com obras realizadas entre outubro de 2016 e setembro de 2018 e investimento de R$ 1,3 milh\u00e3o do Governo do Estado, a nova sede da 3\u00aa Cia da PM abriga a Base Comunit\u00e1ria de Seguran\u00e7a de Osvaldo Cruz e tem atendimento ininterrupto ao p\u00fablico externo. A \u00e1rea de abrang\u00eancia atende os munic\u00edpios de Sagres, Salmour\u00e3o, In\u00fabia Paulista, Pracinha, Luc\u00e9lia e Osvaldo Cruz. Anteriormente, a PM ocupava um pr\u00e9dio locado.<\/p>\n<p style=\"text-align: justify;\">Com 787,87 m\u00b2 de \u00e1rea constru\u00edda, a unidade conta com salas de recep\u00e7\u00e3o (com acessibilidade a pessoas com defici\u00eancia), de atendimento a monitoramento das instala\u00e7\u00f5es, sala de prele\u00e7\u00e3o, alojamentos, almoxarifado, administra\u00e7\u00e3o, sala de Pol\u00edcia Judici\u00e1ria Militar, sala dos comandantes, p\u00e1tio externo e garagem coberta para viaturas, al\u00e9m de c\u00e2meras de seguran\u00e7a nas \u00e1reas externas.<\/p>\n<p style=\"text-align: justify;\"><strong>Sa\u00fade e esporte<\/strong><\/p>\n<p style=\"text-align: justify;\">Em Luc\u00e9lia, o Governador em exerc\u00edcio destinou R$ 100 mil para aux\u00edlio no custeio da Santa Casa de Miseric\u00f3rdia, que atende cerca de 100 pacientes diariamente pelo SUS.<\/p>\n<p style=\"text-align: justify;\">\u201cSabemos do trabalho relevante que a Santa Casa faz e o Estado vem para ajudar com esses investimentos. Essa \u00e9 a premissa do governo Jo\u00e3o Doria, um governo municipalista que tem repassado recursos para os munic\u00edpios porque acredita que quem de fato conhece os problemas da cidade s\u00e3o as lideran\u00e7as locais\u201d, afirmou Cau\u00ea Macris.<\/p>\n<p style=\"text-align: justify;\">A \u00e1rea de Esportes tamb\u00e9m foi beneficiada com a libera\u00e7\u00e3o de R$ 400 mil para reforma do gin\u00e1sio Engenheiro Agr\u00f4nomo Daniel Lu\u00eds Dias.<\/p>\n<p><img loading=\"lazy\" decoding=\"async\" class=\"alignnone size-full wp-image-6607\" src=\"https:\/\/jorgezanoni.com.br\/2019\/wp-content\/uploads\/2019\/09\/governo-2.jpg\" alt=\"\" width=\"1023\" height=\"682\" srcset=\"https:\/\/jorgezanoni.com.br\/2019\/wp-content\/uploads\/2019\/09\/governo-2.jpg 1023w, https:\/\/jorgezanoni.com.br\/2019\/wp-content\/uploads\/2019\/09\/governo-2-300x200.jpg 300w, https:\/\/jorgezanoni.com.br\/2019\/wp-content\/uploads\/2019\/09\/governo-2-768x512.jpg 768w, https:\/\/jorgezanoni.com.br\/2019\/wp-content\/uploads\/2019\/09\/governo-2-696x464.jpg 696w, https:\/\/jorgezanoni.com.br\/2019\/wp-content\/uploads\/2019\/09\/governo-2-630x420.jpg 630w\" sizes=\"auto, (max-width: 1023px) 100vw, 1023px\" \/><\/p>\n<figure id=\"attachment_212241\" class=\"wp-caption aligncenter\" aria-describedby=\"caption-attachment-212241\"><figcaption id=\"caption-attachment-212241\" class=\"wp-caption-text\">Em Luc\u00e9lia, o Governador em exerc\u00edcio destinou R$ 100 mil para aux\u00edlio no custeio da Santa Casa de Miseric\u00f3rdia, que atende cerca de 100 pacientes diariamente pelo SUSFonte: Governo do Estado<\/p>\n<p>l<\/p>\n<\/figcaption><\/figure>\n<div id=\"taboola-below-article-thumbnails\" class=\" trc_related_container trc_spotlight_widget tbl-feed-container tbl-feed-frame-DIVIDER render-late-effect\" data-feed-container-num=\"1\" data-feed-main-container-id=\"taboola-below-article-thumbnails\" data-parent-placement-name=\"Below Article Thumbnails\" data-pub-lang=\"pt\">\n<div class=\" tbl-feed-header tbl-logo-right-position\">\n<div class=\"tbl-feed-header-logo\"><\/div>\n<\/div>\n<div id=\"taboola-below-article-thumbnails-pl1\" class=\" trc_related_container trc_spotlight_widget trc_elastic trc_elastic_organic-thumbs-feed-01-c tbl-feed-card \" data-card-index=\"1\" data-batch-num=\"1\" data-placement-name=\"Below Article Thumbnails | Card 1\">\n<div class=\"trc_rbox_container\">\n<div>\n<div id=\"trc_wrapper_97453\" class=\"trc_rbox organic-thumbs-feed-01-c trc-content-organic \">\n<div id=\"outer_97453\" class=\"trc_rbox_outer\">\n<div id=\"rbox-t2v\" class=\"trc_rbox_div trc_rbox_border_elm\">\n<div id=\"internal_trc_97453\">\n<div class=\"videoCube trc_spotlight_item origin-default thumbnail_top textItem videoCube_1_child trc-first-recommendation trc-spotlight-first-recommendation trc_excludable \" data-item-id=\"-1716671523774172652\" data-item-title=\"Sargento Tais que morreu ao ser atropelada em Mau\u00e1 \u00e9 homenageada em Dracena\" data-item-thumb=\"https:\/\/portalregional.net.br\/wp-content\/uploads\/2019\/09\/Sargento-1.jpeg\" data-item-syndicated=\"false\"><\/div>\n<\/div>\n<\/div>\n<\/div>\n<\/div>\n<\/div>\n<\/div>\n<\/div>\n<\/div>\n","protected":false},"excerpt":{"rendered":"<p>O Governador em exerc\u00edcio Cau\u00ea Macris foi \u00e0 regi\u00e3o de Presidente Prudente nesta quarta-feira (18) para autorizar investimentos estaduais nas \u00e1reas da sa\u00fade e infraestrutura urbana em Osvaldo Cruz e Luc\u00e9lia. Presidente da Assembleia Legislativa, Cau\u00ea Macris assumiu o Governo no \u00faltimo domingo (15), j\u00e1 que o Governador Jo\u00e3o Doria e o Vice-governador Rodrigo Garcia [&hellip;]<\/p>\n","protected":false},"author":1,"featured_media":6608,"comment_status":"closed","ping_status":"open","sticky":false,"template":"","format":"standard","meta":{"footnotes":""},"categories":[116,1],"tags":[],"class_list":["post-6605","post","type-post","status-publish","format-standard","has-post-thumbnail","hentry","category-politicaeeconomia","category-uncategorized"],"_links":{"self":[{"href":"https:\/\/jorgezanoni.com.br\/2019\/wp-json\/wp\/v2\/posts\/6605","targetHints":{"allow":["GET"]}}],"collection":[{"href":"https:\/\/jorgezanoni.com.br\/2019\/wp-json\/wp\/v2\/posts"}],"about":[{"href":"https:\/\/jorgezanoni.com.br\/2019\/wp-json\/wp\/v2\/types\/post"}],"author":[{"embeddable":true,"href":"https:\/\/jorgezanoni.com.br\/2019\/wp-json\/wp\/v2\/users\/1"}],"replies":[{"embeddable":true,"href":"https:\/\/jorgezanoni.com.br\/2019\/wp-json\/wp\/v2\/comments?post=6605"}],"version-history":[{"count":0,"href":"https:\/\/jorgezanoni.com.br\/2019\/wp-json\/wp\/v2\/posts\/6605\/revisions"}],"wp:featuredmedia":[{"embeddable":true,"href":"https:\/\/jorgezanoni.com.br\/2019\/wp-json\/wp\/v2\/media\/6608"}],"wp:attachment":[{"href":"https:\/\/jorgezanoni.com.br\/2019\/wp-json\/wp\/v2\/media?parent=6605"}],"wp:term":[{"taxonomy":"category","embeddable":true,"href":"https:\/\/jorgezanoni.com.br\/2019\/wp-json\/wp\/v2\/categories?post=6605"},{"taxonomy":"post_tag","embeddable":true,"href":"https:\/\/jorgezanoni.com.br\/2019\/wp-json\/wp\/v2\/tags?post=6605"}],"curies":[{"name":"wp","href":"https:\/\/api.w.org\/{rel}","templated":true}]}}