{"id":66040,"date":"2022-07-06T21:52:08","date_gmt":"2022-07-06T21:52:08","guid":{"rendered":"https:\/\/jorgezanoni.com.br\/2019\/?p=66040"},"modified":"2022-07-06T21:52:08","modified_gmt":"2022-07-06T21:52:08","slug":"comercio-de-dracena-esta-liberado-para-quem-quiser-funcionar-no-feriado-dia-9","status":"publish","type":"post","link":"https:\/\/jorgezanoni.com.br\/2019\/comercio-de-dracena-esta-liberado-para-quem-quiser-funcionar-no-feriado-dia-9\/","title":{"rendered":"Com\u00e9rcio de Dracena est\u00e1 liberado para quem quiser funcionar no feriado dia 9"},"content":{"rendered":"<p><strong>VEJA COMUNICADO DA ACE AOS SEUS ASSOCIADOS, NA TARDE DE HOJE (6).<\/strong><\/p>\n<p><strong>COMUNICADO IMPORTANTE<\/strong><\/p>\n<p style=\"text-align: justify;\">Informamos a todos que recebemos orienta\u00e7\u00e3o dos Sindicatos Patronal e dos Funcion\u00e1rios que a empresa que quiser abrir no dia 09\/07 Feriado poder\u00e1 funcionar somente com a autoriza\u00e7\u00e3o e acordo firmado com eles.<br \/>\nConforme orientamos anteriormente.<br \/>\nCaso contrario eles informaram que a empresa que abrir sem os devidos acordos ser\u00e1 fiscalizada e penalizada.<\/p>\n<p>Duvidas e esclarecimentos entre em contato com o Sindicato Patronal atrav\u00e9s do telefone 18 3521-5515 Janaina ou com a gente aqui na associa\u00e7\u00e3o comercial de Dracena.<\/p>\n<p style=\"text-align: justify;\">Estamos \u00e0 disposi\u00e7\u00e3o.<\/p>\n<p>ACE<\/p>\n<p>Foto Arquivo Site JZ<\/p>\n","protected":false},"excerpt":{"rendered":"<p>VEJA COMUNICADO DA ACE AOS SEUS ASSOCIADOS, NA TARDE DE HOJE (6). COMUNICADO IMPORTANTE Informamos a todos que recebemos orienta\u00e7\u00e3o dos Sindicatos Patronal e dos Funcion\u00e1rios que a empresa que quiser abrir no dia 09\/07 Feriado poder\u00e1 funcionar somente com a autoriza\u00e7\u00e3o e acordo firmado com eles. Conforme orientamos anteriormente. Caso contrario eles informaram que [&hellip;]<\/p>\n","protected":false},"author":1,"featured_media":66041,"comment_status":"closed","ping_status":"open","sticky":false,"template":"","format":"standard","meta":{"footnotes":""},"categories":[114,110],"tags":[],"class_list":["post-66040","post","type-post","status-publish","format-standard","has-post-thumbnail","hentry","category-geralecomercio","category-noticiasdestaque"],"_links":{"self":[{"href":"https:\/\/jorgezanoni.com.br\/2019\/wp-json\/wp\/v2\/posts\/66040","targetHints":{"allow":["GET"]}}],"collection":[{"href":"https:\/\/jorgezanoni.com.br\/2019\/wp-json\/wp\/v2\/posts"}],"about":[{"href":"https:\/\/jorgezanoni.com.br\/2019\/wp-json\/wp\/v2\/types\/post"}],"author":[{"embeddable":true,"href":"https:\/\/jorgezanoni.com.br\/2019\/wp-json\/wp\/v2\/users\/1"}],"replies":[{"embeddable":true,"href":"https:\/\/jorgezanoni.com.br\/2019\/wp-json\/wp\/v2\/comments?post=66040"}],"version-history":[{"count":1,"href":"https:\/\/jorgezanoni.com.br\/2019\/wp-json\/wp\/v2\/posts\/66040\/revisions"}],"predecessor-version":[{"id":66042,"href":"https:\/\/jorgezanoni.com.br\/2019\/wp-json\/wp\/v2\/posts\/66040\/revisions\/66042"}],"wp:featuredmedia":[{"embeddable":true,"href":"https:\/\/jorgezanoni.com.br\/2019\/wp-json\/wp\/v2\/media\/66041"}],"wp:attachment":[{"href":"https:\/\/jorgezanoni.com.br\/2019\/wp-json\/wp\/v2\/media?parent=66040"}],"wp:term":[{"taxonomy":"category","embeddable":true,"href":"https:\/\/jorgezanoni.com.br\/2019\/wp-json\/wp\/v2\/categories?post=66040"},{"taxonomy":"post_tag","embeddable":true,"href":"https:\/\/jorgezanoni.com.br\/2019\/wp-json\/wp\/v2\/tags?post=66040"}],"curies":[{"name":"wp","href":"https:\/\/api.w.org\/{rel}","templated":true}]}}