{"id":6601,"date":"2019-09-19T00:08:58","date_gmt":"2019-09-19T00:08:58","guid":{"rendered":"https:\/\/jorgezanoni.com.br\/2019\/?p=6601"},"modified":"2019-09-19T00:08:58","modified_gmt":"2019-09-19T00:08:58","slug":"no-transito-o-sentido-e-a-vida-campanha-nacional-do-transito-de-18-a-25-de-setembro","status":"publish","type":"post","link":"https:\/\/jorgezanoni.com.br\/2019\/no-transito-o-sentido-e-a-vida-campanha-nacional-do-transito-de-18-a-25-de-setembro\/","title":{"rendered":"&#8220;No tr\u00e2nsito o sentido \u00e9 a Vida&#8221;: Campanha Nacional do Tr\u00e2nsito de 18 a 25 de Setembro."},"content":{"rendered":"<div class=\"article-header\">\n<h1><img loading=\"lazy\" decoding=\"async\" class=\"alignnone size-full wp-image-6602\" src=\"https:\/\/jorgezanoni.com.br\/2019\/wp-content\/uploads\/2019\/09\/transito.jpg\" alt=\"\" width=\"320\" height=\"213\" srcset=\"https:\/\/jorgezanoni.com.br\/2019\/wp-content\/uploads\/2019\/09\/transito.jpg 320w, https:\/\/jorgezanoni.com.br\/2019\/wp-content\/uploads\/2019\/09\/transito-300x200.jpg 300w\" sizes=\"auto, (max-width: 320px) 100vw, 320px\" \/><\/h1>\n<h1 class=\"title entry-title\" style=\"text-align: justify;\"><span style=\"color: #222222; font-family: Verdana, Geneva, sans-serif; font-size: 15px;\">A Semana Nacional de Tr\u00e2nsito &#8221; No tr\u00e2nsito, o Sentido \u00e9 a Vida&#8221; tem in\u00edcio do dia de hoje, 18 a 25 de setembro e a 2\u00aa Companhia PM sediada na cidade de Adamantina, juntamente com a Prefeitura Municipal daquele munic\u00edpio realizar\u00e1 v\u00e1rias atividades relacionadas a preven\u00e7\u00e3o.Confira a programa\u00e7\u00e3o.<\/span><\/h1>\n<\/div>\n<div class=\"article-content entry-content\" style=\"text-align: justify;\">Dia 18 &#8211; Abertura;<br \/>\nDia 19- Visita das escolas ao Projeto MiniCidade;<br \/>\nDia 20- Projeto Faixa Viva;<br \/>\nDia 23 e 24- Visita das escolas na MiniCidade;<br \/>\nDia 25- Encerramento<\/p>\n<p>A MiniCidade \u00e9 um espa\u00e7o l\u00fadico onde ser\u00e1 implantada uma miniatura de ruas e dispositivos de sinaliza\u00e7\u00e3o com o objetivo de ensinar sobre as leis de tr\u00e2nsito.<br \/>\nO projeto visa despertar a curiosidade e o desejo.<br \/>\nNo decorrer da Semana o 25\u00ba BPM\/I ir\u00e1 mostrar as atividades desenvolvidas pelas cidades da \u00e1rea do nosso Batalh\u00e3o.<\/p><\/div>\n<div>Fonte: 25\u00ba BPM\/I<\/div>\n","protected":false},"excerpt":{"rendered":"<p>A Semana Nacional de Tr\u00e2nsito &#8221; No tr\u00e2nsito, o Sentido \u00e9 a Vida&#8221; tem in\u00edcio do dia de hoje, 18 a 25 de setembro e a 2\u00aa Companhia PM sediada na cidade de Adamantina, juntamente com a Prefeitura Municipal daquele munic\u00edpio realizar\u00e1 v\u00e1rias atividades relacionadas a preven\u00e7\u00e3o.Confira a programa\u00e7\u00e3o. Dia 18 &#8211; Abertura; Dia 19- [&hellip;]<\/p>\n","protected":false},"author":1,"featured_media":6603,"comment_status":"closed","ping_status":"open","sticky":false,"template":"","format":"standard","meta":{"footnotes":""},"categories":[180],"tags":[],"class_list":["post-6601","post","type-post","status-publish","format-standard","has-post-thumbnail","hentry","category-estradastransitoveiculos"],"_links":{"self":[{"href":"https:\/\/jorgezanoni.com.br\/2019\/wp-json\/wp\/v2\/posts\/6601","targetHints":{"allow":["GET"]}}],"collection":[{"href":"https:\/\/jorgezanoni.com.br\/2019\/wp-json\/wp\/v2\/posts"}],"about":[{"href":"https:\/\/jorgezanoni.com.br\/2019\/wp-json\/wp\/v2\/types\/post"}],"author":[{"embeddable":true,"href":"https:\/\/jorgezanoni.com.br\/2019\/wp-json\/wp\/v2\/users\/1"}],"replies":[{"embeddable":true,"href":"https:\/\/jorgezanoni.com.br\/2019\/wp-json\/wp\/v2\/comments?post=6601"}],"version-history":[{"count":0,"href":"https:\/\/jorgezanoni.com.br\/2019\/wp-json\/wp\/v2\/posts\/6601\/revisions"}],"wp:featuredmedia":[{"embeddable":true,"href":"https:\/\/jorgezanoni.com.br\/2019\/wp-json\/wp\/v2\/media\/6603"}],"wp:attachment":[{"href":"https:\/\/jorgezanoni.com.br\/2019\/wp-json\/wp\/v2\/media?parent=6601"}],"wp:term":[{"taxonomy":"category","embeddable":true,"href":"https:\/\/jorgezanoni.com.br\/2019\/wp-json\/wp\/v2\/categories?post=6601"},{"taxonomy":"post_tag","embeddable":true,"href":"https:\/\/jorgezanoni.com.br\/2019\/wp-json\/wp\/v2\/tags?post=6601"}],"curies":[{"name":"wp","href":"https:\/\/api.w.org\/{rel}","templated":true}]}}