{"id":65999,"date":"2022-07-05T22:34:04","date_gmt":"2022-07-05T22:34:04","guid":{"rendered":"https:\/\/jorgezanoni.com.br\/2019\/?p=65999"},"modified":"2022-07-05T22:34:04","modified_gmt":"2022-07-05T22:34:04","slug":"formatura-do-curso-tecnico-em-enfermagem-do-cep-ume","status":"publish","type":"post","link":"https:\/\/jorgezanoni.com.br\/2019\/formatura-do-curso-tecnico-em-enfermagem-do-cep-ume\/","title":{"rendered":"Formatura do curso T\u00e9cnico em Enfermagem do CEP\/UME"},"content":{"rendered":"<p style=\"text-align: justify;\"><span style=\"font-size: large;\">Na noite do dia 28 de junho, o Centro de Educa\u00e7\u00e3o Profissional &#8220;Francisco Graziano Filho&#8221; (CEP) e a Unidade Modelo de Ensino (UME) promoveram a solenidade de formatura dos alunos do curso T\u00e9cnico em Enfermagem, que levou o nome da Profa. <\/span>S\u00edlvia<span style=\"font-size: large;\">\u00a0de Paula Germano.<\/span><\/p>\n<p><span style=\"font-size: large;\">O Audit\u00f3rio &#8220;Prof. Geraldo Mariano Alves&#8221; recebeu os amigos e familiares dos formandos, que vieram prestigiar esta noite especial, e quem n\u00e3o p\u00f4de estar presente acompanhou a solenidade ao vivo pelo link:\u00a0<a href=\"https:\/\/youtu.be\/6Gp_PhmOFas\" target=\"_blank\" rel=\"noopener noreferrer\">https:\/\/youtu.be\/6Gp_PhmOFas<\/a>\u00a0(a cerim\u00f4nia permanece dispon\u00edvel na \u00edntegra em nosso canal oficial).<\/span><\/p>\n<p><span style=\"font-size: large;\">A mesa de honra foi composta por Julia Kiyomi Portari, diretora do CEP\/UME e presidente da cerim\u00f4nia; Paulo S\u00e9rgio Peres, presidente do Conselho de Curadores da Fundec e patrono dos formandos; Edson Hissatomi Kai, diretor executivo da Fundec; o prefeito de Dracena Andr\u00e9 Kozan Lemos; o vice-presidente da C\u00e2mara Municipal de Dracena C\u00e9lio Antonio Ferregutti e a Profa. Esp. Meliane Duarte Gazaroli Pereira, paraninfa dos formandos. O corpo docente do CEP\/UME tamb\u00e9m foi aplaudido pelo p\u00fablico.<\/span><\/p>\n<p><span style=\"font-size: large;\">Ap\u00f3s a entrada dos formandos, a diretora Julia Portari abriu a sess\u00e3o solene e todos acompanharam a execu\u00e7\u00e3o do Hino Nacional e do Hino de Dracena. Em seguida, o patrono fez sua sauda\u00e7\u00e3o aos formandos.<\/span><\/p>\n<p><span style=\"font-size: large;\">O presidente do Conselho de Curadores da Fundec Paulo S\u00e9rgio Peres declarou estar muito feliz e honrado em ser o patrono da turma e pediu para que os formando abracem a profiss\u00e3o que escolheram com paix\u00e3o. Relembrando os momentos em que j\u00e1 esteve enfermo, ressaltou que &#8220;a presen\u00e7a de um enfermeiro, seja ele t\u00e9cnico, auxiliar ou padr\u00e3o, que demonstre compaix\u00e3o, empatia e zelo pelo outro, faz toda a diferen\u00e7a. Foi isso que me ajudou a encarar melhor essas horas dif\u00edceis na condi\u00e7\u00e3o de enfermo&#8221;. Finalizando, parabenizou os formandos e recebeu uma homenagem que registrou o agradecimento das escolas \u00e0 sua contribui\u00e7\u00e3o para a educa\u00e7\u00e3o.<\/span><\/p>\n<p><span style=\"font-size: large;\">Os 16 formandos da turma de junho de 2022 do curso T\u00e9cnico em Enfermagem foram chamados para receber seus certificados, entregues pela paraninfa Profa. Esp. Meliane Duarte Gazaroli Pereira, e fazer as tradicionais fotos individuais de formatura.<\/span><\/p>\n<p><span style=\"font-size: large;\">Em seguida, o juramento foi conduzido pela formanda Andressa Gomes da Silva e a oradora da turma foi Ana Carolina de Campos Cruz Esquerdo. J\u00e1 Lainy Soares Pereira foi homenageada como a aluna que teve o melhor desempenho acad\u00eamico no curso e recebeu o certificado de Honra ao M\u00e9rito.<\/span><\/p>\n<p><span style=\"font-size: large;\">Nos pronunciamentos, o prefeito de Dracena Andr\u00e9 Kozan Lemos destacou a alegria de participar dessa noite especial em que celebramos novos profissionais que est\u00e3o entrando no mercado em uma \u00e1rea que atinge a todos n\u00f3s e desejou muito sucesso na carreira.<\/span><\/p>\n<p><span style=\"font-size: large;\">O vice-presidente da C\u00e2mara Municipal de Dracena C\u00e9lio Antonio Ferregutti pediu aos formandos que sejam dedicados em sua atua\u00e7\u00e3o, olhando para os pacientes como\u00a0<\/span>se eles fossem<span style=\"font-size: large;\">\u00a0seus pais, av\u00f3s e irm\u00e3os, para que sejam atendidos com amor e carinho, porque isso faz toda a diferen\u00e7a para o paciente. &#8220;Fa\u00e7am com amor e certamente voc\u00eas v\u00e3o se sentir realizados&#8221;, finalizou, parabenizando os novos profissionais.<\/span><\/p>\n<p><span style=\"font-size: large;\">Edson Hissatomi Kai, diretor executivo da Fundec, destacou a felicidade de ver a casa cheia e agradeceu a presen\u00e7a do p\u00fablico, ressaltando para os formandos a import\u00e2ncia do certificado de forma\u00e7\u00e3o para a empregabilidade e citou ainda um coment\u00e1rio feito por um m\u00e9dico de Curitiba, que disse que os melhores enfermeiros formados no Brasil saem de Dracena, e destacou que essa refer\u00eancia feita por um profissional de um grande centro \u00e9 um orgulho para a escola. Relembrou aos formandos que para se fixar na profiss\u00e3o \u00e9 necess\u00e1rio se atualizar sempre e desejou sucesso aos novos profissionais.<\/span><\/p>\n<p><span style=\"font-size: large;\">Julia Kiyomi Portari, diretora do CEP\/UME, falou sobre a satisfa\u00e7\u00e3o e o orgulho de ver os alunos se formando, com muitos j\u00e1 trabalhando na \u00e1rea, e desejou que a alegria de hoje contagie o dia a dia de trabalho dos formandos, porque s\u00f3 o conhecimento t\u00e9cnico n\u00e3o basta para a \u00e1rea de sa\u00fade, ressaltando que \u00e9 necess\u00e1rio ter amor, carinho, compaix\u00e3o e cuidado com o outro. Em seguida, deu por encerrada a cerim\u00f4nia.<\/span><\/p>\n<p><span style=\"font-size: large;\">Fechando a noite, houve a sess\u00e3o de fotos da turma e os formandos fizeram uma homenagem aos familiares.<\/span><\/p>\n<p><img loading=\"lazy\" decoding=\"async\" class=\"alignnone size-full wp-image-66000\" src=\"https:\/\/jorgezanoni.com.br\/2019\/wp-content\/uploads\/2022\/07\/uni.jpg\" alt=\"\" width=\"1080\" height=\"608\" srcset=\"https:\/\/jorgezanoni.com.br\/2019\/wp-content\/uploads\/2022\/07\/uni.jpg 1080w, https:\/\/jorgezanoni.com.br\/2019\/wp-content\/uploads\/2022\/07\/uni-300x169.jpg 300w, https:\/\/jorgezanoni.com.br\/2019\/wp-content\/uploads\/2022\/07\/uni-1024x576.jpg 1024w, https:\/\/jorgezanoni.com.br\/2019\/wp-content\/uploads\/2022\/07\/uni-768x432.jpg 768w, https:\/\/jorgezanoni.com.br\/2019\/wp-content\/uploads\/2022\/07\/uni-696x392.jpg 696w, https:\/\/jorgezanoni.com.br\/2019\/wp-content\/uploads\/2022\/07\/uni-1068x601.jpg 1068w, https:\/\/jorgezanoni.com.br\/2019\/wp-content\/uploads\/2022\/07\/uni-746x420.jpg 746w\" sizes=\"auto, (max-width: 1080px) 100vw, 1080px\" \/> <img loading=\"lazy\" decoding=\"async\" class=\"alignnone size-full wp-image-66002\" src=\"https:\/\/jorgezanoni.com.br\/2019\/wp-content\/uploads\/2022\/07\/uni2.jpg\" alt=\"\" width=\"1080\" height=\"608\" srcset=\"https:\/\/jorgezanoni.com.br\/2019\/wp-content\/uploads\/2022\/07\/uni2.jpg 1080w, https:\/\/jorgezanoni.com.br\/2019\/wp-content\/uploads\/2022\/07\/uni2-300x169.jpg 300w, https:\/\/jorgezanoni.com.br\/2019\/wp-content\/uploads\/2022\/07\/uni2-1024x576.jpg 1024w, https:\/\/jorgezanoni.com.br\/2019\/wp-content\/uploads\/2022\/07\/uni2-768x432.jpg 768w, https:\/\/jorgezanoni.com.br\/2019\/wp-content\/uploads\/2022\/07\/uni2-696x392.jpg 696w, https:\/\/jorgezanoni.com.br\/2019\/wp-content\/uploads\/2022\/07\/uni2-1068x601.jpg 1068w, https:\/\/jorgezanoni.com.br\/2019\/wp-content\/uploads\/2022\/07\/uni2-746x420.jpg 746w\" sizes=\"auto, (max-width: 1080px) 100vw, 1080px\" \/> <img loading=\"lazy\" decoding=\"async\" class=\"alignnone size-full wp-image-66003\" src=\"https:\/\/jorgezanoni.com.br\/2019\/wp-content\/uploads\/2022\/07\/uni3.jpg\" alt=\"\" width=\"1080\" height=\"608\" srcset=\"https:\/\/jorgezanoni.com.br\/2019\/wp-content\/uploads\/2022\/07\/uni3.jpg 1080w, https:\/\/jorgezanoni.com.br\/2019\/wp-content\/uploads\/2022\/07\/uni3-300x169.jpg 300w, https:\/\/jorgezanoni.com.br\/2019\/wp-content\/uploads\/2022\/07\/uni3-1024x576.jpg 1024w, https:\/\/jorgezanoni.com.br\/2019\/wp-content\/uploads\/2022\/07\/uni3-768x432.jpg 768w, https:\/\/jorgezanoni.com.br\/2019\/wp-content\/uploads\/2022\/07\/uni3-696x392.jpg 696w, https:\/\/jorgezanoni.com.br\/2019\/wp-content\/uploads\/2022\/07\/uni3-1068x601.jpg 1068w, https:\/\/jorgezanoni.com.br\/2019\/wp-content\/uploads\/2022\/07\/uni3-746x420.jpg 746w\" sizes=\"auto, (max-width: 1080px) 100vw, 1080px\" \/>Fonte: Depto. de Comunica\u00e7\u00e3o da Fundec<\/p>\n","protected":false},"excerpt":{"rendered":"<p>Na noite do dia 28 de junho, o Centro de Educa\u00e7\u00e3o Profissional &#8220;Francisco Graziano Filho&#8221; (CEP) e a Unidade Modelo de Ensino (UME) promoveram a solenidade de formatura dos alunos do curso T\u00e9cnico em Enfermagem, que levou o nome da Profa. S\u00edlvia\u00a0de Paula Germano. O Audit\u00f3rio &#8220;Prof. Geraldo Mariano Alves&#8221; recebeu os amigos e familiares [&hellip;]<\/p>\n","protected":false},"author":1,"featured_media":66001,"comment_status":"closed","ping_status":"open","sticky":false,"template":"","format":"standard","meta":{"footnotes":""},"categories":[110,122],"tags":[],"class_list":["post-65999","post","type-post","status-publish","format-standard","has-post-thumbnail","hentry","category-noticiasdestaque","category-saudeeducacaoeconcurso"],"_links":{"self":[{"href":"https:\/\/jorgezanoni.com.br\/2019\/wp-json\/wp\/v2\/posts\/65999","targetHints":{"allow":["GET"]}}],"collection":[{"href":"https:\/\/jorgezanoni.com.br\/2019\/wp-json\/wp\/v2\/posts"}],"about":[{"href":"https:\/\/jorgezanoni.com.br\/2019\/wp-json\/wp\/v2\/types\/post"}],"author":[{"embeddable":true,"href":"https:\/\/jorgezanoni.com.br\/2019\/wp-json\/wp\/v2\/users\/1"}],"replies":[{"embeddable":true,"href":"https:\/\/jorgezanoni.com.br\/2019\/wp-json\/wp\/v2\/comments?post=65999"}],"version-history":[{"count":1,"href":"https:\/\/jorgezanoni.com.br\/2019\/wp-json\/wp\/v2\/posts\/65999\/revisions"}],"predecessor-version":[{"id":66005,"href":"https:\/\/jorgezanoni.com.br\/2019\/wp-json\/wp\/v2\/posts\/65999\/revisions\/66005"}],"wp:featuredmedia":[{"embeddable":true,"href":"https:\/\/jorgezanoni.com.br\/2019\/wp-json\/wp\/v2\/media\/66001"}],"wp:attachment":[{"href":"https:\/\/jorgezanoni.com.br\/2019\/wp-json\/wp\/v2\/media?parent=65999"}],"wp:term":[{"taxonomy":"category","embeddable":true,"href":"https:\/\/jorgezanoni.com.br\/2019\/wp-json\/wp\/v2\/categories?post=65999"},{"taxonomy":"post_tag","embeddable":true,"href":"https:\/\/jorgezanoni.com.br\/2019\/wp-json\/wp\/v2\/tags?post=65999"}],"curies":[{"name":"wp","href":"https:\/\/api.w.org\/{rel}","templated":true}]}}