{"id":65995,"date":"2022-07-05T15:47:50","date_gmt":"2022-07-05T15:47:50","guid":{"rendered":"https:\/\/jorgezanoni.com.br\/2019\/?p=65995"},"modified":"2022-07-05T15:47:50","modified_gmt":"2022-07-05T15:47:50","slug":"escritor-adamantinense-publica-livro-sobre-pentecostalismo-classico","status":"publish","type":"post","link":"https:\/\/jorgezanoni.com.br\/2019\/escritor-adamantinense-publica-livro-sobre-pentecostalismo-classico\/","title":{"rendered":"Escritor adamantinense publica livro sobre Pentecostalismo Cl\u00e1ssico&#8230;"},"content":{"rendered":"<p style=\"text-align: justify;\"><strong><em>\u201cO Esp\u00edrito Santo tem um marco fundamental na hist\u00f3ria da igreja no dia de Pentecostes, onde se cumpriria a promessa de um derramamento sobre toda carne. Na B\u00edblia se apresenta que o Batismo no Esp\u00edrito Santo tem o prop\u00f3sito de levar os fi\u00e9is a uma abertura \u00e0s manifesta\u00e7\u00f5es espirituais, que n\u00e3o s\u00e3o explicadas pela raz\u00e3o humana.\u201d (Rafael Assiz)<\/em><\/strong><strong><em>\u00a0<\/em><\/strong><\/p>\n<p style=\"text-align: justify;\"><strong>S\u00e9rgio Barbosa (*)<\/strong><\/p>\n<p style=\"text-align: justify;\">Em tempo, ainda, de PANDEMIA, deve-se considerar que a REFLEX\u00c3O CR\u00cdTICA deve estar acima do denominado SENSO COMUM que predomina em todas as \u00e1reas do conhecimento humano.<\/p>\n<p style=\"text-align: justify;\">Neste cen\u00e1rio mediado pelas escolhas quanto ao contexto plural que envolve a RELIGI\u00c3O, cada qual deve buscar o seu CAMINHO em meio aos desencontros deste NOVO TEMPO NOVO&#8230;<\/p>\n<p style=\"text-align: justify;\">Portanto, a BUSCA continua sendo essencial para HOMENS E MULHERES que est\u00e3o envolvidos com temas e tem\u00e1ticas relacionadas com a F\u00c9 CRIST\u00c3&#8230;<\/p>\n<p style=\"text-align: justify;\"><strong>Pentecostalismo Cl\u00e1ssico<\/strong><\/p>\n<p style=\"text-align: justify;\">Debater assuntos relacionados com a RELIGI\u00c3O enquanto F\u00c9 CRIST\u00c3, ou seja, quando envolve temas espec\u00edficos, torna-se uma realidade fundamental para os\/as TE\u00d3LOGOS\/AS que est\u00e3o atuando na \u00e1rea da pesquisa teol\u00f3gica&#8230;<\/p>\n<p style=\"text-align: justify;\">Neste n\u00edvel de entendimento, Rafael Assiz da Silva Alves, 33 anos , casado com Ana Fl\u00e1via, pais de Emanuelle e Rafael Jr., tamb\u00e9m, Pastor na Igreja Assembleia de Deus\/Minist\u00e9rio de Madureira, Escritor, Te\u00f3logo e Professor de Teologia; est\u00e1 publicando no mercado editorial o Livro, a saber: O BATISMO DO ESP\u00cdRITO SANTO: Introdu\u00e7\u00e3o, Teologia e Pr\u00e1tica Pentecostal.<\/p>\n<p style=\"text-align: justify;\">A edi\u00e7\u00e3o est\u00e1 com a Editora SANTORINI de Joinville, SC, ainda, com o lan\u00e7amento previsto para o m\u00eas de Agosto, ainda, em n\u00edvel nacional.<\/p>\n<p style=\"text-align: justify;\"><strong>Forma\u00e7\u00e3o acad\u00eamica<\/strong><\/p>\n<p style=\"text-align: justify;\">O autor, RAFAEL ASSIZ, possui Bacharelados em TEOLOGIA pelo Unicesumar e Semin\u00e1rio Teol\u00f3gico Querigma-SETEQUE, tamb\u00e9m, p\u00f3s-gradua\u00e7\u00f5es em Teologia e Interpreta\u00e7\u00e3o B\u00edblica pela FEBAPAR e Estudos B\u00edblicos no Novo Testamento pelo CESUMAR.<\/p>\n<p style=\"text-align: justify;\">Desta forma, deve-se registrar que RAFAEL est\u00e1 em sintonia com a proposta da publica\u00e7\u00e3o quando afirma: \u201cO Esp\u00edrito Santo \u00e9 um ser vivo, dotado de personalidade pr\u00f3pria, n\u00e3o uma mera for\u00e7a, influ\u00eancia ou emana\u00e7\u00e3o de Deus. Trata-se mais de uma pessoa, claramente divina, que faz parte da trindade, da divindade, que age como um agente iluminador do entendimento humano\u201d, bem como, \u201cconvencendo o homem do erro e da condena\u00e7\u00e3o, dotando-o de poder, influ\u00eancia e vem a habitar no homem para fazer prop\u00f3sitos especiais\u201d.<\/p>\n<p style=\"text-align: justify;\"><strong>Publica\u00e7\u00f5es <\/strong><\/p>\n<p style=\"text-align: justify;\">O autor, RAFAEL ASSIZ, possui em seu curr\u00edculo editorial outra publica\u00e7\u00e3o, a saber: \u201cLIDERAN\u00c7A EM CRISE: Exercendo uma lideran\u00e7a B\u00edblica na P\u00f3s-Modernidade\u201d, Editora SANTORINI e dispon\u00edvel para aquisi\u00e7\u00e3o no mercado e contato direto:\u00a0 \u00a0(18) 99701.7040 ou e-mail: <u>rafael<\/u><a href=\"mailto:assiz@hotmail.com\">assiz@hotmail.com<\/a><\/p>\n<p style=\"text-align: justify;\">Nesta publica\u00e7\u00e3o, ASSIZ destaca: \u201dNa vis\u00e3o b\u00edblica, um l\u00edder \u00e9 um servidor, algu\u00e9m que serve a outros. Com esta vis\u00e3o, podemos entender a inter-rela\u00e7\u00e3o entre ser l\u00edder e disc\u00edpulo ao mesmo tempo.&#8221;<\/p>\n<p style=\"text-align: justify;\">Dos estudos sobre Lideran\u00e7a para o debate sobre Pentecostalismo Cl\u00e1ssico, portanto, RAFAEL consegue transitar nestas \u00e1reas com maestria de um OBSERVADOR atendo e disciplinado sobre quest\u00f5es espec\u00edficas de interesse da IGREJA em tempo de p\u00f3s-globaliza\u00e7\u00e3o organizacional.<\/p>\n<p><img loading=\"lazy\" decoding=\"async\" class=\"alignnone size-full wp-image-65997\" src=\"https:\/\/jorgezanoni.com.br\/2019\/wp-content\/uploads\/2022\/07\/Livro1.jpg\" alt=\"\" width=\"700\" height=\"323\" srcset=\"https:\/\/jorgezanoni.com.br\/2019\/wp-content\/uploads\/2022\/07\/Livro1.jpg 700w, https:\/\/jorgezanoni.com.br\/2019\/wp-content\/uploads\/2022\/07\/Livro1-300x138.jpg 300w, https:\/\/jorgezanoni.com.br\/2019\/wp-content\/uploads\/2022\/07\/Livro1-696x321.jpg 696w\" sizes=\"auto, (max-width: 700px) 100vw, 700px\" \/>Rafael Assiz &#8211; Escritor e pastor da Igreja Assembl\u00e9ia de Deus\/Madureira em Adamantina.<\/p>\n<p style=\"text-align: justify;\"><strong><em>_________________________<\/em><\/strong><\/p>\n<p style=\"text-align: justify;\"><strong><em>(*) jornalista diplomado, professor universit\u00e1rio e pesquisador da C\u00e1tedra Unesco\/Umesp. mestre em ci\u00eancias da religi\u00e3o\/sociologia da religi\u00e3o pelo ppg\/cr-umesp (1997).\u00a0 <\/em><\/strong><\/p>\n<p style=\"text-align: justify;\"><strong><em>e-mail: <\/em><\/strong><a href=\"mailto:barbosa.sebar@gmail.com\"><strong><em>barbosa.sebar@gmail.com<\/em><\/strong><\/a><\/p>\n","protected":false},"excerpt":{"rendered":"<p>\u201cO Esp\u00edrito Santo tem um marco fundamental na hist\u00f3ria da igreja no dia de Pentecostes, onde se cumpriria a promessa de um derramamento sobre toda carne. Na B\u00edblia se apresenta que o Batismo no Esp\u00edrito Santo tem o prop\u00f3sito de levar os fi\u00e9is a uma abertura \u00e0s manifesta\u00e7\u00f5es espirituais, que n\u00e3o s\u00e3o explicadas pela raz\u00e3o [&hellip;]<\/p>\n","protected":false},"author":1,"featured_media":65996,"comment_status":"closed","ping_status":"open","sticky":false,"template":"","format":"standard","meta":{"footnotes":""},"categories":[110,118],"tags":[],"class_list":["post-65995","post","type-post","status-publish","format-standard","has-post-thumbnail","hentry","category-noticiasdestaque","category-religiaoesolidariedade"],"_links":{"self":[{"href":"https:\/\/jorgezanoni.com.br\/2019\/wp-json\/wp\/v2\/posts\/65995","targetHints":{"allow":["GET"]}}],"collection":[{"href":"https:\/\/jorgezanoni.com.br\/2019\/wp-json\/wp\/v2\/posts"}],"about":[{"href":"https:\/\/jorgezanoni.com.br\/2019\/wp-json\/wp\/v2\/types\/post"}],"author":[{"embeddable":true,"href":"https:\/\/jorgezanoni.com.br\/2019\/wp-json\/wp\/v2\/users\/1"}],"replies":[{"embeddable":true,"href":"https:\/\/jorgezanoni.com.br\/2019\/wp-json\/wp\/v2\/comments?post=65995"}],"version-history":[{"count":1,"href":"https:\/\/jorgezanoni.com.br\/2019\/wp-json\/wp\/v2\/posts\/65995\/revisions"}],"predecessor-version":[{"id":65998,"href":"https:\/\/jorgezanoni.com.br\/2019\/wp-json\/wp\/v2\/posts\/65995\/revisions\/65998"}],"wp:featuredmedia":[{"embeddable":true,"href":"https:\/\/jorgezanoni.com.br\/2019\/wp-json\/wp\/v2\/media\/65996"}],"wp:attachment":[{"href":"https:\/\/jorgezanoni.com.br\/2019\/wp-json\/wp\/v2\/media?parent=65995"}],"wp:term":[{"taxonomy":"category","embeddable":true,"href":"https:\/\/jorgezanoni.com.br\/2019\/wp-json\/wp\/v2\/categories?post=65995"},{"taxonomy":"post_tag","embeddable":true,"href":"https:\/\/jorgezanoni.com.br\/2019\/wp-json\/wp\/v2\/tags?post=65995"}],"curies":[{"name":"wp","href":"https:\/\/api.w.org\/{rel}","templated":true}]}}