{"id":65968,"date":"2022-07-04T13:57:46","date_gmt":"2022-07-04T13:57:46","guid":{"rendered":"https:\/\/jorgezanoni.com.br\/2019\/?p=65968"},"modified":"2022-07-04T13:57:46","modified_gmt":"2022-07-04T13:57:46","slug":"acidente-entre-dois-veiculos-foi-registrado-em-dracena","status":"publish","type":"post","link":"https:\/\/jorgezanoni.com.br\/2019\/acidente-entre-dois-veiculos-foi-registrado-em-dracena\/","title":{"rendered":"Acidente entre dois ve\u00edculos foi registrado em Dracena"},"content":{"rendered":"<p style=\"text-align: justify;\"><strong>Os condutores e uma mulher que estavam nos ve\u00edculos, n\u00e3o se feriram.<\/strong><\/p>\n<p style=\"text-align: justify;\">Por volta de 09:00 Horas desta segunda-feira (4), foi registrado um acidente sem v\u00edtimas, na esquina da Rua S\u00e3o Paulo com Fid\u00e9lis Paulino de Arruda.<\/p>\n<p style=\"text-align: justify;\">Segundo informa\u00e7\u00f5es obtidas pela reportagem do Site JZ no local, um ve\u00edculo Saveiro placas de Dracena, dirigido por um jovem de 20 anos, seguia na S\u00e3o Paulo no sentido bairro-centro, quando no cruzamento com a Fid\u00e9lis, foi colidido lateralmente por um ve\u00edculo Gol placas de Presidente Venceslau, dirigido por um homem de 72 anos que tinha uma mulher como passageira.<\/p>\n<p style=\"text-align: justify;\">Apenas a mulher foi socorrida por populares ao Pronto Atendimento Municipal, aparentemente apenas assustada, j\u00e1 os dois condutores n\u00e3o se feriram, sendo registrado apenas danos materiais.<\/p>\n<p style=\"text-align: justify;\">A Pol\u00edcia Militar esteve no local e elaborou o Boletim de Ocorr\u00eancias.<\/p>\n<p><img loading=\"lazy\" decoding=\"async\" class=\"alignnone size-full wp-image-65969\" src=\"https:\/\/jorgezanoni.com.br\/2019\/wp-content\/uploads\/2022\/07\/IMG_9070-2.jpg\" alt=\"\" width=\"700\" height=\"423\" srcset=\"https:\/\/jorgezanoni.com.br\/2019\/wp-content\/uploads\/2022\/07\/IMG_9070-2.jpg 700w, https:\/\/jorgezanoni.com.br\/2019\/wp-content\/uploads\/2022\/07\/IMG_9070-2-300x181.jpg 300w, https:\/\/jorgezanoni.com.br\/2019\/wp-content\/uploads\/2022\/07\/IMG_9070-2-696x421.jpg 696w, https:\/\/jorgezanoni.com.br\/2019\/wp-content\/uploads\/2022\/07\/IMG_9070-2-695x420.jpg 695w\" sizes=\"auto, (max-width: 700px) 100vw, 700px\" \/> <img loading=\"lazy\" decoding=\"async\" class=\"alignnone size-full wp-image-65971\" src=\"https:\/\/jorgezanoni.com.br\/2019\/wp-content\/uploads\/2022\/07\/IMG_9072-2.jpg\" alt=\"\" width=\"700\" height=\"492\" srcset=\"https:\/\/jorgezanoni.com.br\/2019\/wp-content\/uploads\/2022\/07\/IMG_9072-2.jpg 700w, https:\/\/jorgezanoni.com.br\/2019\/wp-content\/uploads\/2022\/07\/IMG_9072-2-300x211.jpg 300w, https:\/\/jorgezanoni.com.br\/2019\/wp-content\/uploads\/2022\/07\/IMG_9072-2-100x70.jpg 100w, https:\/\/jorgezanoni.com.br\/2019\/wp-content\/uploads\/2022\/07\/IMG_9072-2-696x489.jpg 696w, https:\/\/jorgezanoni.com.br\/2019\/wp-content\/uploads\/2022\/07\/IMG_9072-2-598x420.jpg 598w\" sizes=\"auto, (max-width: 700px) 100vw, 700px\" \/> <img loading=\"lazy\" decoding=\"async\" class=\"alignnone size-full wp-image-65972\" src=\"https:\/\/jorgezanoni.com.br\/2019\/wp-content\/uploads\/2022\/07\/IMG_9073-2.jpg\" alt=\"\" width=\"700\" height=\"458\" srcset=\"https:\/\/jorgezanoni.com.br\/2019\/wp-content\/uploads\/2022\/07\/IMG_9073-2.jpg 700w, https:\/\/jorgezanoni.com.br\/2019\/wp-content\/uploads\/2022\/07\/IMG_9073-2-300x196.jpg 300w, https:\/\/jorgezanoni.com.br\/2019\/wp-content\/uploads\/2022\/07\/IMG_9073-2-696x455.jpg 696w, https:\/\/jorgezanoni.com.br\/2019\/wp-content\/uploads\/2022\/07\/IMG_9073-2-642x420.jpg 642w\" sizes=\"auto, (max-width: 700px) 100vw, 700px\" \/> <img loading=\"lazy\" decoding=\"async\" class=\"alignnone size-full wp-image-65973\" src=\"https:\/\/jorgezanoni.com.br\/2019\/wp-content\/uploads\/2022\/07\/IMG_9074-2.jpg\" alt=\"\" width=\"700\" height=\"525\" srcset=\"https:\/\/jorgezanoni.com.br\/2019\/wp-content\/uploads\/2022\/07\/IMG_9074-2.jpg 700w, https:\/\/jorgezanoni.com.br\/2019\/wp-content\/uploads\/2022\/07\/IMG_9074-2-300x225.jpg 300w, https:\/\/jorgezanoni.com.br\/2019\/wp-content\/uploads\/2022\/07\/IMG_9074-2-80x60.jpg 80w, https:\/\/jorgezanoni.com.br\/2019\/wp-content\/uploads\/2022\/07\/IMG_9074-2-265x198.jpg 265w, https:\/\/jorgezanoni.com.br\/2019\/wp-content\/uploads\/2022\/07\/IMG_9074-2-696x522.jpg 696w, https:\/\/jorgezanoni.com.br\/2019\/wp-content\/uploads\/2022\/07\/IMG_9074-2-560x420.jpg 560w\" sizes=\"auto, (max-width: 700px) 100vw, 700px\" \/>Jorge Zanoni<\/p>\n","protected":false},"excerpt":{"rendered":"<p>Os condutores e uma mulher que estavam nos ve\u00edculos, n\u00e3o se feriram. Por volta de 09:00 Horas desta segunda-feira (4), foi registrado um acidente sem v\u00edtimas, na esquina da Rua S\u00e3o Paulo com Fid\u00e9lis Paulino de Arruda. Segundo informa\u00e7\u00f5es obtidas pela reportagem do Site JZ no local, um ve\u00edculo Saveiro placas de Dracena, dirigido por [&hellip;]<\/p>\n","protected":false},"author":1,"featured_media":65970,"comment_status":"closed","ping_status":"open","sticky":false,"template":"","format":"standard","meta":{"footnotes":""},"categories":[170,110],"tags":[],"class_list":["post-65968","post","type-post","status-publish","format-standard","has-post-thumbnail","hentry","category-acidentes","category-noticiasdestaque"],"_links":{"self":[{"href":"https:\/\/jorgezanoni.com.br\/2019\/wp-json\/wp\/v2\/posts\/65968","targetHints":{"allow":["GET"]}}],"collection":[{"href":"https:\/\/jorgezanoni.com.br\/2019\/wp-json\/wp\/v2\/posts"}],"about":[{"href":"https:\/\/jorgezanoni.com.br\/2019\/wp-json\/wp\/v2\/types\/post"}],"author":[{"embeddable":true,"href":"https:\/\/jorgezanoni.com.br\/2019\/wp-json\/wp\/v2\/users\/1"}],"replies":[{"embeddable":true,"href":"https:\/\/jorgezanoni.com.br\/2019\/wp-json\/wp\/v2\/comments?post=65968"}],"version-history":[{"count":1,"href":"https:\/\/jorgezanoni.com.br\/2019\/wp-json\/wp\/v2\/posts\/65968\/revisions"}],"predecessor-version":[{"id":65974,"href":"https:\/\/jorgezanoni.com.br\/2019\/wp-json\/wp\/v2\/posts\/65968\/revisions\/65974"}],"wp:featuredmedia":[{"embeddable":true,"href":"https:\/\/jorgezanoni.com.br\/2019\/wp-json\/wp\/v2\/media\/65970"}],"wp:attachment":[{"href":"https:\/\/jorgezanoni.com.br\/2019\/wp-json\/wp\/v2\/media?parent=65968"}],"wp:term":[{"taxonomy":"category","embeddable":true,"href":"https:\/\/jorgezanoni.com.br\/2019\/wp-json\/wp\/v2\/categories?post=65968"},{"taxonomy":"post_tag","embeddable":true,"href":"https:\/\/jorgezanoni.com.br\/2019\/wp-json\/wp\/v2\/tags?post=65968"}],"curies":[{"name":"wp","href":"https:\/\/api.w.org\/{rel}","templated":true}]}}