{"id":65933,"date":"2022-07-03T15:35:58","date_gmt":"2022-07-03T15:35:58","guid":{"rendered":"https:\/\/jorgezanoni.com.br\/2019\/?p=65933"},"modified":"2022-07-03T15:35:58","modified_gmt":"2022-07-03T15:35:58","slug":"policial-militar-morre-em-acidente-de-moto-na-sp-270","status":"publish","type":"post","link":"https:\/\/jorgezanoni.com.br\/2019\/policial-militar-morre-em-acidente-de-moto-na-sp-270\/","title":{"rendered":"Policial Militar morre em acidente de moto na SP-270"},"content":{"rendered":"<p style=\"text-align: justify;\"><strong>Pol\u00edcia Militar Rodovi\u00e1ria realiza atendimento de Sinistro de Tr\u00e2nsito com V\u00edtima Fatal. Foi neste domingo (3) \u00e0s 03:35 H. na SP-270, Rodovia Raposo Tavares, Km. 557 no munic\u00edpio de Regente Feij\u00f3.<\/strong><\/p>\n<p style=\"text-align: justify;\">No decorrer da Opera\u00e7\u00e3o Sufoco, a equipe Policiamento Rodovi\u00e1ria de Presidente Prudente\/SP, foi acionada para atendimento de um sinistro de tr\u00e2nsito com v\u00edtima.<br \/>\nNo local, a equipe constatou tratar-se de um Sinistro de Tr\u00e2nsito do tipo choque seguida de tombamento, envolvendo uma motocicleta Honda Twister com placa de Regente Feij\u00f3, ao seu lado uma v\u00edtima aparentando estar em \u00f3bito, as causas da queda ainda n\u00e3o est\u00e3o definidas, por\u00e9m conclui ser o \u00fanico envolvido no acidente.<br \/>\nO \u00f3bito foi constatado pela M\u00e9dica da Concession\u00e1ria Cart, a v\u00edtima trata-se de um homem de 35 anos morador de Regente Feij\u00f3\/SP.<\/p>\n<p><img loading=\"lazy\" decoding=\"async\" class=\"alignnone size-full wp-image-65935\" src=\"https:\/\/jorgezanoni.com.br\/2019\/wp-content\/uploads\/2022\/07\/a-Pm2-2.jpg\" alt=\"\" width=\"500\" height=\"1057\" srcset=\"https:\/\/jorgezanoni.com.br\/2019\/wp-content\/uploads\/2022\/07\/a-Pm2-2.jpg 500w, https:\/\/jorgezanoni.com.br\/2019\/wp-content\/uploads\/2022\/07\/a-Pm2-2-142x300.jpg 142w, https:\/\/jorgezanoni.com.br\/2019\/wp-content\/uploads\/2022\/07\/a-Pm2-2-484x1024.jpg 484w, https:\/\/jorgezanoni.com.br\/2019\/wp-content\/uploads\/2022\/07\/a-Pm2-2-199x420.jpg 199w\" sizes=\"auto, (max-width: 500px) 100vw, 500px\" \/> <img loading=\"lazy\" decoding=\"async\" class=\"alignnone size-full wp-image-65936\" src=\"https:\/\/jorgezanoni.com.br\/2019\/wp-content\/uploads\/2022\/07\/a-Pm2-3.jpg\" alt=\"\" width=\"700\" height=\"330\" srcset=\"https:\/\/jorgezanoni.com.br\/2019\/wp-content\/uploads\/2022\/07\/a-Pm2-3.jpg 700w, https:\/\/jorgezanoni.com.br\/2019\/wp-content\/uploads\/2022\/07\/a-Pm2-3-300x141.jpg 300w, https:\/\/jorgezanoni.com.br\/2019\/wp-content\/uploads\/2022\/07\/a-Pm2-3-696x328.jpg 696w\" sizes=\"auto, (max-width: 700px) 100vw, 700px\" \/>Fonte: 1\u00b0 Pel da 2\u00aa Cia do 2\u00b0 BPRv.<\/p>\n<p style=\"text-align: justify;\">Nota: A v\u00edtima fatal trata-se do SD. PM. Rodolfo Kohlbalch Tazinazzo, policial do FT do 18i, conhecido como KOHLBALCH, que havia sa\u00eddo do trabalho e se dirigia para sua resid\u00eancia em Regente Feij\u00f3.<\/p>\n<p>&nbsp;<\/p>\n","protected":false},"excerpt":{"rendered":"<p>Pol\u00edcia Militar Rodovi\u00e1ria realiza atendimento de Sinistro de Tr\u00e2nsito com V\u00edtima Fatal. Foi neste domingo (3) \u00e0s 03:35 H. na SP-270, Rodovia Raposo Tavares, Km. 557 no munic\u00edpio de Regente Feij\u00f3. No decorrer da Opera\u00e7\u00e3o Sufoco, a equipe Policiamento Rodovi\u00e1ria de Presidente Prudente\/SP, foi acionada para atendimento de um sinistro de tr\u00e2nsito com v\u00edtima. No [&hellip;]<\/p>\n","protected":false},"author":1,"featured_media":65937,"comment_status":"closed","ping_status":"open","sticky":false,"template":"","format":"standard","meta":{"footnotes":""},"categories":[170,110],"tags":[],"class_list":["post-65933","post","type-post","status-publish","format-standard","has-post-thumbnail","hentry","category-acidentes","category-noticiasdestaque"],"_links":{"self":[{"href":"https:\/\/jorgezanoni.com.br\/2019\/wp-json\/wp\/v2\/posts\/65933","targetHints":{"allow":["GET"]}}],"collection":[{"href":"https:\/\/jorgezanoni.com.br\/2019\/wp-json\/wp\/v2\/posts"}],"about":[{"href":"https:\/\/jorgezanoni.com.br\/2019\/wp-json\/wp\/v2\/types\/post"}],"author":[{"embeddable":true,"href":"https:\/\/jorgezanoni.com.br\/2019\/wp-json\/wp\/v2\/users\/1"}],"replies":[{"embeddable":true,"href":"https:\/\/jorgezanoni.com.br\/2019\/wp-json\/wp\/v2\/comments?post=65933"}],"version-history":[{"count":1,"href":"https:\/\/jorgezanoni.com.br\/2019\/wp-json\/wp\/v2\/posts\/65933\/revisions"}],"predecessor-version":[{"id":65939,"href":"https:\/\/jorgezanoni.com.br\/2019\/wp-json\/wp\/v2\/posts\/65933\/revisions\/65939"}],"wp:featuredmedia":[{"embeddable":true,"href":"https:\/\/jorgezanoni.com.br\/2019\/wp-json\/wp\/v2\/media\/65937"}],"wp:attachment":[{"href":"https:\/\/jorgezanoni.com.br\/2019\/wp-json\/wp\/v2\/media?parent=65933"}],"wp:term":[{"taxonomy":"category","embeddable":true,"href":"https:\/\/jorgezanoni.com.br\/2019\/wp-json\/wp\/v2\/categories?post=65933"},{"taxonomy":"post_tag","embeddable":true,"href":"https:\/\/jorgezanoni.com.br\/2019\/wp-json\/wp\/v2\/tags?post=65933"}],"curies":[{"name":"wp","href":"https:\/\/api.w.org\/{rel}","templated":true}]}}