{"id":6592,"date":"2019-09-18T18:13:46","date_gmt":"2019-09-18T18:13:46","guid":{"rendered":"https:\/\/jorgezanoni.com.br\/2019\/?p=6592"},"modified":"2019-09-18T18:13:46","modified_gmt":"2019-09-18T18:13:46","slug":"gapac-de-ouro-verde-participa-de-encontro-regional-de-voluntarios-em-adamantina","status":"publish","type":"post","link":"https:\/\/jorgezanoni.com.br\/2019\/gapac-de-ouro-verde-participa-de-encontro-regional-de-voluntarios-em-adamantina\/","title":{"rendered":"GAPAC de Ouro Verde  participa de Encontro Regional de volunt\u00e1rios em Adamantina"},"content":{"rendered":"<p style=\"text-align: justify;\">Neste s\u00e1bado, o GAPAC \u2013 Grupo de Apoio ao Paciente com C\u00e2ncer, entidade ouroverdense, estar\u00e1 participando, em Adamantina, do Encontro Regional de volunt\u00e1rios, promovido pelo Hospital Amaral Carvalho, de Ja\u00fa. Para o evento, marcado para ter in\u00edcio \u00e0s 9 horas, foram convidados volunt\u00e1rios de diversas cidades.<\/p>\n<p style=\"text-align: justify;\">De acordo com Jos\u00e9 Eduardo Nadalet, coordenador das Ligas de Combate ao C\u00e2ncer do HAC, encontros semelhantes j\u00e1 foram realizados, inclusive em outras regi\u00f5es do estado. \u201cDesta vez, haver\u00e1 duas palestras com m\u00e9dicos do hospital: uma com o Dr. Batista de Oliveira J\u00fanior, m\u00e9dico chefe da Radioterapia e a outra com Dr. Guilherme Prado Costa, da equipe de Urologia\u201d.<\/p>\n<p style=\"text-align: justify;\">A abertura do encontro, que ter\u00e1 lugar no Clube Canda, no km 588 da SP-294, ser\u00e1 feita pela presidente da Rede de Combate ao C\u00e2ncer\u00a0 de Adamantina, Radige Mostaf\u00e1 Bernardo Sp\u00f3sito\u00a0 e por\u00a0 Jos\u00e9 Eduardo Nadalet. Ap\u00f3s as palestras, as cidades participantes ter\u00e3o a oportunidade de trocarem experi\u00eancias. Encerrando o encontro haver\u00e1 almo\u00e7o de confraterniza\u00e7\u00e3o.<\/p>\n<p style=\"text-align: justify;\">O GAPAC estar\u00e1 representado por 8 volunt\u00e1rios no encontro, onde todos ir\u00e3o com o intuito de adquirir novos conhecimentos sobre a luta contra o C\u00e2ncer e trocar novas experi\u00eancias com outros Grupos das cidades participantes, com os m\u00e9dicos e palestrantes.<\/p>\n<p style=\"text-align: justify;\">O GAPAC atende atualmente 46 pacientes entre crian\u00e7as, jovens, adultos e idosos e j\u00e1 completou 18 anos de exist\u00eancia servindo a popula\u00e7\u00e3o de Ouro Verde<\/p>\n<p style=\"text-align: justify;\">GAPAC divulga\u00e7\u00e3o<\/p>\n<p style=\"text-align: justify;\">\n<p style=\"text-align: justify;\">\n","protected":false},"excerpt":{"rendered":"<p>Neste s\u00e1bado, o GAPAC \u2013 Grupo de Apoio ao Paciente com C\u00e2ncer, entidade ouroverdense, estar\u00e1 participando, em Adamantina, do Encontro Regional de volunt\u00e1rios, promovido pelo Hospital Amaral Carvalho, de Ja\u00fa. Para o evento, marcado para ter in\u00edcio \u00e0s 9 horas, foram convidados volunt\u00e1rios de diversas cidades. De acordo com Jos\u00e9 Eduardo Nadalet, coordenador das Ligas [&hellip;]<\/p>\n","protected":false},"author":1,"featured_media":6593,"comment_status":"closed","ping_status":"open","sticky":false,"template":"","format":"standard","meta":{"footnotes":""},"categories":[114],"tags":[],"class_list":["post-6592","post","type-post","status-publish","format-standard","has-post-thumbnail","hentry","category-geralecomercio"],"_links":{"self":[{"href":"https:\/\/jorgezanoni.com.br\/2019\/wp-json\/wp\/v2\/posts\/6592","targetHints":{"allow":["GET"]}}],"collection":[{"href":"https:\/\/jorgezanoni.com.br\/2019\/wp-json\/wp\/v2\/posts"}],"about":[{"href":"https:\/\/jorgezanoni.com.br\/2019\/wp-json\/wp\/v2\/types\/post"}],"author":[{"embeddable":true,"href":"https:\/\/jorgezanoni.com.br\/2019\/wp-json\/wp\/v2\/users\/1"}],"replies":[{"embeddable":true,"href":"https:\/\/jorgezanoni.com.br\/2019\/wp-json\/wp\/v2\/comments?post=6592"}],"version-history":[{"count":0,"href":"https:\/\/jorgezanoni.com.br\/2019\/wp-json\/wp\/v2\/posts\/6592\/revisions"}],"wp:featuredmedia":[{"embeddable":true,"href":"https:\/\/jorgezanoni.com.br\/2019\/wp-json\/wp\/v2\/media\/6593"}],"wp:attachment":[{"href":"https:\/\/jorgezanoni.com.br\/2019\/wp-json\/wp\/v2\/media?parent=6592"}],"wp:term":[{"taxonomy":"category","embeddable":true,"href":"https:\/\/jorgezanoni.com.br\/2019\/wp-json\/wp\/v2\/categories?post=6592"},{"taxonomy":"post_tag","embeddable":true,"href":"https:\/\/jorgezanoni.com.br\/2019\/wp-json\/wp\/v2\/tags?post=6592"}],"curies":[{"name":"wp","href":"https:\/\/api.w.org\/{rel}","templated":true}]}}