{"id":65906,"date":"2022-07-02T19:06:25","date_gmt":"2022-07-02T19:06:25","guid":{"rendered":"https:\/\/jorgezanoni.com.br\/2019\/?p=65906"},"modified":"2022-07-02T19:06:25","modified_gmt":"2022-07-02T19:06:25","slug":"hoje-2-e-comemorado-o-dia-do-bombeiro","status":"publish","type":"post","link":"https:\/\/jorgezanoni.com.br\/2019\/hoje-2-e-comemorado-o-dia-do-bombeiro\/","title":{"rendered":"Hoje (2) \u00e9 comemorado o &#8220;Dia do Bombeiro&#8221;"},"content":{"rendered":"<p style=\"text-align: justify;\">Neste s\u00e1bado (2), \u00e9 comemorado o Dia do Bombeiro. Para comemorar a data, ontem (1\u00ba), integrantes do Sub Grupamento de Dracena, realizaram na Pra\u00e7a Arthur Pagnozzi, demonstra\u00e7\u00e3o de materiais usados em combate a fogo e distribu\u00edram panfletos explicativos a pessoas e motoristas que passavam pelo local.<\/p>\n<p>O Site JZ parabeniza todos dos integrantes do Corpo de Bombeiros, especialmente voc\u00eas que atendem Dracena e regi\u00e3o.<\/p>\n<p>Jorge Zanoni<\/p>\n<p><img loading=\"lazy\" decoding=\"async\" class=\"alignnone size-full wp-image-65907\" src=\"https:\/\/jorgezanoni.com.br\/2019\/wp-content\/uploads\/2022\/07\/IMG_9012-2.jpg\" alt=\"\" width=\"700\" height=\"611\" srcset=\"https:\/\/jorgezanoni.com.br\/2019\/wp-content\/uploads\/2022\/07\/IMG_9012-2.jpg 700w, https:\/\/jorgezanoni.com.br\/2019\/wp-content\/uploads\/2022\/07\/IMG_9012-2-300x262.jpg 300w, https:\/\/jorgezanoni.com.br\/2019\/wp-content\/uploads\/2022\/07\/IMG_9012-2-696x608.jpg 696w, https:\/\/jorgezanoni.com.br\/2019\/wp-content\/uploads\/2022\/07\/IMG_9012-2-481x420.jpg 481w\" sizes=\"auto, (max-width: 700px) 100vw, 700px\" \/> <img loading=\"lazy\" decoding=\"async\" class=\"alignnone size-full wp-image-65908\" src=\"https:\/\/jorgezanoni.com.br\/2019\/wp-content\/uploads\/2022\/07\/IMG_9013-2.jpg\" alt=\"\" width=\"700\" height=\"663\" srcset=\"https:\/\/jorgezanoni.com.br\/2019\/wp-content\/uploads\/2022\/07\/IMG_9013-2.jpg 700w, https:\/\/jorgezanoni.com.br\/2019\/wp-content\/uploads\/2022\/07\/IMG_9013-2-300x284.jpg 300w, https:\/\/jorgezanoni.com.br\/2019\/wp-content\/uploads\/2022\/07\/IMG_9013-2-696x659.jpg 696w, https:\/\/jorgezanoni.com.br\/2019\/wp-content\/uploads\/2022\/07\/IMG_9013-2-443x420.jpg 443w\" sizes=\"auto, (max-width: 700px) 100vw, 700px\" \/> <img loading=\"lazy\" decoding=\"async\" class=\"alignnone size-full wp-image-65909\" src=\"https:\/\/jorgezanoni.com.br\/2019\/wp-content\/uploads\/2022\/07\/IMG_9014-2.jpg\" alt=\"\" width=\"700\" height=\"383\" srcset=\"https:\/\/jorgezanoni.com.br\/2019\/wp-content\/uploads\/2022\/07\/IMG_9014-2.jpg 700w, https:\/\/jorgezanoni.com.br\/2019\/wp-content\/uploads\/2022\/07\/IMG_9014-2-300x164.jpg 300w, https:\/\/jorgezanoni.com.br\/2019\/wp-content\/uploads\/2022\/07\/IMG_9014-2-696x381.jpg 696w\" sizes=\"auto, (max-width: 700px) 100vw, 700px\" \/> <img loading=\"lazy\" decoding=\"async\" class=\"alignnone size-full wp-image-65910\" src=\"https:\/\/jorgezanoni.com.br\/2019\/wp-content\/uploads\/2022\/07\/IMG_9016-2.jpg\" alt=\"\" width=\"700\" height=\"525\" srcset=\"https:\/\/jorgezanoni.com.br\/2019\/wp-content\/uploads\/2022\/07\/IMG_9016-2.jpg 700w, https:\/\/jorgezanoni.com.br\/2019\/wp-content\/uploads\/2022\/07\/IMG_9016-2-300x225.jpg 300w, https:\/\/jorgezanoni.com.br\/2019\/wp-content\/uploads\/2022\/07\/IMG_9016-2-80x60.jpg 80w, https:\/\/jorgezanoni.com.br\/2019\/wp-content\/uploads\/2022\/07\/IMG_9016-2-265x198.jpg 265w, https:\/\/jorgezanoni.com.br\/2019\/wp-content\/uploads\/2022\/07\/IMG_9016-2-696x522.jpg 696w, https:\/\/jorgezanoni.com.br\/2019\/wp-content\/uploads\/2022\/07\/IMG_9016-2-560x420.jpg 560w\" sizes=\"auto, (max-width: 700px) 100vw, 700px\" \/> <img loading=\"lazy\" decoding=\"async\" class=\"alignnone size-full wp-image-65911\" src=\"https:\/\/jorgezanoni.com.br\/2019\/wp-content\/uploads\/2022\/07\/IMG_9019-2.jpg\" alt=\"\" width=\"700\" height=\"594\" srcset=\"https:\/\/jorgezanoni.com.br\/2019\/wp-content\/uploads\/2022\/07\/IMG_9019-2.jpg 700w, https:\/\/jorgezanoni.com.br\/2019\/wp-content\/uploads\/2022\/07\/IMG_9019-2-300x255.jpg 300w, https:\/\/jorgezanoni.com.br\/2019\/wp-content\/uploads\/2022\/07\/IMG_9019-2-696x591.jpg 696w, https:\/\/jorgezanoni.com.br\/2019\/wp-content\/uploads\/2022\/07\/IMG_9019-2-495x420.jpg 495w\" sizes=\"auto, (max-width: 700px) 100vw, 700px\" \/> <img loading=\"lazy\" decoding=\"async\" class=\"alignnone size-full wp-image-65912\" src=\"https:\/\/jorgezanoni.com.br\/2019\/wp-content\/uploads\/2022\/07\/IMG_9020-2.jpg\" alt=\"\" width=\"700\" height=\"492\" srcset=\"https:\/\/jorgezanoni.com.br\/2019\/wp-content\/uploads\/2022\/07\/IMG_9020-2.jpg 700w, https:\/\/jorgezanoni.com.br\/2019\/wp-content\/uploads\/2022\/07\/IMG_9020-2-300x211.jpg 300w, https:\/\/jorgezanoni.com.br\/2019\/wp-content\/uploads\/2022\/07\/IMG_9020-2-100x70.jpg 100w, https:\/\/jorgezanoni.com.br\/2019\/wp-content\/uploads\/2022\/07\/IMG_9020-2-696x489.jpg 696w, https:\/\/jorgezanoni.com.br\/2019\/wp-content\/uploads\/2022\/07\/IMG_9020-2-598x420.jpg 598w\" sizes=\"auto, (max-width: 700px) 100vw, 700px\" \/> <img loading=\"lazy\" decoding=\"async\" class=\"alignnone size-full wp-image-65913\" src=\"https:\/\/jorgezanoni.com.br\/2019\/wp-content\/uploads\/2022\/07\/IMG_9022-2.jpg\" alt=\"\" width=\"799\" height=\"692\" srcset=\"https:\/\/jorgezanoni.com.br\/2019\/wp-content\/uploads\/2022\/07\/IMG_9022-2.jpg 799w, https:\/\/jorgezanoni.com.br\/2019\/wp-content\/uploads\/2022\/07\/IMG_9022-2-300x260.jpg 300w, https:\/\/jorgezanoni.com.br\/2019\/wp-content\/uploads\/2022\/07\/IMG_9022-2-768x665.jpg 768w, https:\/\/jorgezanoni.com.br\/2019\/wp-content\/uploads\/2022\/07\/IMG_9022-2-534x462.jpg 534w, https:\/\/jorgezanoni.com.br\/2019\/wp-content\/uploads\/2022\/07\/IMG_9022-2-696x603.jpg 696w, https:\/\/jorgezanoni.com.br\/2019\/wp-content\/uploads\/2022\/07\/IMG_9022-2-485x420.jpg 485w\" sizes=\"auto, (max-width: 799px) 100vw, 799px\" \/> <img loading=\"lazy\" decoding=\"async\" class=\"alignnone size-full wp-image-65914\" src=\"https:\/\/jorgezanoni.com.br\/2019\/wp-content\/uploads\/2022\/07\/IMG_9023-2.jpg\" alt=\"\" width=\"700\" height=\"596\" srcset=\"https:\/\/jorgezanoni.com.br\/2019\/wp-content\/uploads\/2022\/07\/IMG_9023-2.jpg 700w, https:\/\/jorgezanoni.com.br\/2019\/wp-content\/uploads\/2022\/07\/IMG_9023-2-300x255.jpg 300w, https:\/\/jorgezanoni.com.br\/2019\/wp-content\/uploads\/2022\/07\/IMG_9023-2-696x593.jpg 696w, https:\/\/jorgezanoni.com.br\/2019\/wp-content\/uploads\/2022\/07\/IMG_9023-2-493x420.jpg 493w\" sizes=\"auto, (max-width: 700px) 100vw, 700px\" \/><\/p>\n<p>O\u00a0<strong>Dia do Bombeiro Brasileiro<\/strong>\u00a0\u00e9 comemorado no dia\u00a0<strong>2 de julho<\/strong>.<\/p>\n<p style=\"text-align: justify;\">Esta data \u00e9 uma homenagem a todos os her\u00f3is brasileiros que\u00a0<strong>arriscam as suas vidas<\/strong>\u00a0para proteger as pessoas, as cidades e as florestas do risco de inc\u00eandios, desastres naturais, desabamentos, etc.<\/p>\n<p style=\"text-align: justify;\">Al\u00e9m de apagar inc\u00eandios, os bombeiros tamb\u00e9m desenvolvem v\u00e1rios\u00a0<strong>projetos sociais e educativos<\/strong>, com o objetivo de tentar melhorar a qualidade de vida da comunidade.<\/p>\n<p style=\"text-align: justify;\">Os bombeiros tamb\u00e9m<strong>\u00a0ajudam a socorrer<\/strong>\u00a0animais em perigo e auxiliar pessoas que enfrentam situa\u00e7\u00f5es de grande stress, como tentativa de suic\u00eddio, afogamento, desaparecimentos e traumas provocados por acidentes.<\/p>\n<p><img loading=\"lazy\" decoding=\"async\" src=\"https:\/\/s.calendarr.com\/upload\/datas\/di\/ad\/dia-do-bombeiro_c.jpg?auto_optimize=low&amp;width=640\" alt=\"Dia do Bombeiro Brasileiro\" width=\"655\" height=\"358\" \/><\/p>\n<h2>Origem do Dia do Bombeiro Brasileiro<\/h2>\n<p style=\"text-align: justify;\">A escolha desta data \u00e9 uma homenagem a\u00a0<strong>cria\u00e7\u00e3o<\/strong>\u00a0do Corpo Provis\u00f3rio de Bombeiros da Corte, inaugurado em 2 de julho de 1856, no Rio de Janeiro, e sob o comando do major Jo\u00e3o Batista de Morais Antas.<\/p>\n<p style=\"text-align: justify;\">Oficialmente, o Dia do Bombeiro Brasileiro foi institu\u00eddo atrav\u00e9s do Decreto n\u00ba 35.309, de 2 de abril de 1954. A partir desta mesma lei, tamb\u00e9m foi definido a realiza\u00e7\u00e3o anual da\u00a0<strong>Semana de Preven\u00e7\u00e3o Contra Inc\u00eandios<\/strong>.<\/p>\n<p style=\"text-align: justify;\">Antigamente, antes do Imperador D. Pedro II assinar o Decreto Imperial n\u00ba 1.775 que regulamentava o servi\u00e7o de bombeiros, o\u00a0<strong>badalar dos sinos<\/strong>\u00a0era sinal de que homens, mulheres e crian\u00e7as tinham que formar uma fila no po\u00e7o mais pr\u00f3ximo e assim, passarem baldes de m\u00e3o em m\u00e3o at\u00e9 chegarem ao local do inc\u00eandio.<\/p>\n<p style=\"text-align: justify;\"><strong>Ver tamb\u00e9m<\/strong>:<strong>\u00a0<\/strong><a href=\"https:\/\/www.calendarr.com\/brasil\/dia-do-salva-vidas\/\">Dia do Salva-vidas<\/a>.<\/p>\n<h2 style=\"text-align: justify;\">Mensagem para o Dia do Bombeiro Brasileiro<\/h2>\n<ul style=\"text-align: justify;\">\n<li><em>N\u00e3o existem palavras ou dias que consigam explicar o quanto estamos agradecidos por seu trabalho! Obrigado por ser nosso anjo da guarda nos momentos de maior afli\u00e7\u00e3o! Feliz Dia do Bombeiro!<\/em><\/li>\n<li><em>Eu n\u00e3o acreditava em super-her\u00f3is, at\u00e9 que conheci o seu trabalho! Parab\u00e9ns pela coragem, bravura e amor que te move a realizar feitos incr\u00edveis e ajudar a salvar vidas diariamente! Feliz Dia do Bombeiro!<\/em><\/li>\n<li><em>Bombeiros, sua miss\u00e3o \u00e9 salvar vidas e riquezas alheias. Feliz Dia!<\/em><\/li>\n<\/ul>\n<p style=\"text-align: justify;\">Fonte: https:\/\/www.calendarr.com\/brasil\/dia-do-bombeiro-brasileiro\/<\/p>\n<p>&nbsp;<\/p>\n","protected":false},"excerpt":{"rendered":"<p>Neste s\u00e1bado (2), \u00e9 comemorado o Dia do Bombeiro. Para comemorar a data, ontem (1\u00ba), integrantes do Sub Grupamento de Dracena, realizaram na Pra\u00e7a Arthur Pagnozzi, demonstra\u00e7\u00e3o de materiais usados em combate a fogo e distribu\u00edram panfletos explicativos a pessoas e motoristas que passavam pelo local. O Site JZ parabeniza todos dos integrantes do Corpo [&hellip;]<\/p>\n","protected":false},"author":1,"featured_media":65915,"comment_status":"closed","ping_status":"open","sticky":false,"template":"","format":"standard","meta":{"footnotes":""},"categories":[114,110],"tags":[],"class_list":["post-65906","post","type-post","status-publish","format-standard","has-post-thumbnail","hentry","category-geralecomercio","category-noticiasdestaque"],"_links":{"self":[{"href":"https:\/\/jorgezanoni.com.br\/2019\/wp-json\/wp\/v2\/posts\/65906","targetHints":{"allow":["GET"]}}],"collection":[{"href":"https:\/\/jorgezanoni.com.br\/2019\/wp-json\/wp\/v2\/posts"}],"about":[{"href":"https:\/\/jorgezanoni.com.br\/2019\/wp-json\/wp\/v2\/types\/post"}],"author":[{"embeddable":true,"href":"https:\/\/jorgezanoni.com.br\/2019\/wp-json\/wp\/v2\/users\/1"}],"replies":[{"embeddable":true,"href":"https:\/\/jorgezanoni.com.br\/2019\/wp-json\/wp\/v2\/comments?post=65906"}],"version-history":[{"count":1,"href":"https:\/\/jorgezanoni.com.br\/2019\/wp-json\/wp\/v2\/posts\/65906\/revisions"}],"predecessor-version":[{"id":65916,"href":"https:\/\/jorgezanoni.com.br\/2019\/wp-json\/wp\/v2\/posts\/65906\/revisions\/65916"}],"wp:featuredmedia":[{"embeddable":true,"href":"https:\/\/jorgezanoni.com.br\/2019\/wp-json\/wp\/v2\/media\/65915"}],"wp:attachment":[{"href":"https:\/\/jorgezanoni.com.br\/2019\/wp-json\/wp\/v2\/media?parent=65906"}],"wp:term":[{"taxonomy":"category","embeddable":true,"href":"https:\/\/jorgezanoni.com.br\/2019\/wp-json\/wp\/v2\/categories?post=65906"},{"taxonomy":"post_tag","embeddable":true,"href":"https:\/\/jorgezanoni.com.br\/2019\/wp-json\/wp\/v2\/tags?post=65906"}],"curies":[{"name":"wp","href":"https:\/\/api.w.org\/{rel}","templated":true}]}}