{"id":65891,"date":"2022-07-02T15:31:00","date_gmt":"2022-07-02T15:31:00","guid":{"rendered":"https:\/\/jorgezanoni.com.br\/2019\/?p=65891"},"modified":"2022-07-02T15:31:00","modified_gmt":"2022-07-02T15:31:00","slug":"medicina-ultimos-dias-para-transferencia-por-analise-de-curriculo-na-unifadra-dracena","status":"publish","type":"post","link":"https:\/\/jorgezanoni.com.br\/2019\/medicina-ultimos-dias-para-transferencia-por-analise-de-curriculo-na-unifadra-dracena\/","title":{"rendered":"Medicina: \u00daltimos dias para transfer\u00eancia por an\u00e1lise de curr\u00edculo na Unifadra Dracena"},"content":{"rendered":"<p style=\"text-align: justify;\"><i><strong><span style=\"font-size: large;\">Alunos de outras institui\u00e7\u00f5es brasileiras podem se candidatar \u00e0s vagas no 2\u00ba, 4\u00ba e 6\u00ba semestres do curso de Medicina na Unifadra.<\/span><\/strong><br \/>\n<\/i><br \/>\n<span style=\"font-size: large;\">Encerram no dia 7 de julho as inscri\u00e7\u00f5es para o processo seletivo de transfer\u00eancia para o curso de Medicina da Unifadra Dracena. As vagas s\u00e3o para o 2\u00ba, 4\u00ba e 6\u00ba semestres do curso.<\/span><\/p>\n<p><span style=\"font-size: large;\">Podem se inscrever somente os alunos aprovados em processo seletivo e regularmente matriculados em cursos de gradua\u00e7\u00e3o em Medicina de institui\u00e7\u00f5es de ensino superior brasileiras autorizadas ou reconhecidas pelo MEC ou pelos Conselhos Estaduais de Educa\u00e7\u00e3o.<\/span><\/p>\n<p><span style=\"font-size: large;\">A sele\u00e7\u00e3o para transfer\u00eancia ser\u00e1 feita pela an\u00e1lise do curr\u00edculo acad\u00eamico do aluno no seu curso de Medicina. Essa an\u00e1lise tamb\u00e9m indicar\u00e1 ao candidato as adapta\u00e7\u00f5es a serem cumpridas e os respectivos semestres em que ser\u00e3o realizadas.<\/span><\/p>\n<p><span style=\"font-size: large;\">Para verificar em qual semestre poder\u00e3o realizar sua inscri\u00e7\u00e3o, os interessados devem confrontar as disciplinas cursadas em sua institui\u00e7\u00e3o com aquelas do curr\u00edculo da Unifadra (dispon\u00edvel em\u00a0<a href=\"https:\/\/fundec.edu.br\/unifadra\/graduacao\/medicina\" target=\"_blank\" rel=\"noopener noreferrer\">https:\/\/fundec.edu.br\/unifadra\/graduacao\/medicina<\/a>).<\/span><\/p>\n<p><span style=\"font-size: large;\">Para mais informa\u00e7\u00f5es, leia atentamente o edital. O processo de transfer\u00eancia n\u00e3o contempla alunos dos programas ProUni e Bolsa Escola da Fam\u00edlia. O resultado ser\u00e1 divulgado no dia 15 de julho e os classificados ter\u00e3o at\u00e9 o dia 22 de julho para efetuar sua matr\u00edcula.<\/span><\/p>\n<p><b><span style=\"font-size: large;\">SERVI\u00c7O<\/span><br \/>\n<span style=\"font-size: large;\">Processo seletivo de transfer\u00eancia por an\u00e1lise de curr\u00edculo para o curso de Medicina da Unifadra Dracena (2\u00ba, 4\u00ba e 6\u00ba semestres)<\/span><br \/>\n<\/b><span style=\"font-size: large;\"><b>Edital e inscri\u00e7\u00f5es pelo site<\/b>:\u00a0<a href=\"https:\/\/fundec.edu.br\/unifadra\/transferenciamedicina\" target=\"_blank\" rel=\"noopener noreferrer\">https:\/\/fundec.edu.br\/unifadra\/transferenciamedicina<\/a><\/span><br \/>\n<span style=\"font-size: large;\"><b>Envio dos documentos<\/b>: at\u00e9 07\/07 (de forma digitalizada, em formato PDF)<\/span><br \/>\n<span style=\"font-size: large;\"><b>Divulga\u00e7\u00e3o do resultado<\/b>: 15\/07<\/span><br \/>\n<span style=\"font-size: large;\"><b>Matr\u00edculas<\/b>: at\u00e9 22\/07<\/span><br \/>\n<span style=\"font-size: large;\"><b>In\u00edcio das aulas<\/b>: segundo semestre do ano letivo 2022<\/span><\/p>\n<p>Fonte: Dpto. Comunica\u00e7\u00e3o da Fundec<\/p>\n","protected":false},"excerpt":{"rendered":"<p>Alunos de outras institui\u00e7\u00f5es brasileiras podem se candidatar \u00e0s vagas no 2\u00ba, 4\u00ba e 6\u00ba semestres do curso de Medicina na Unifadra. Encerram no dia 7 de julho as inscri\u00e7\u00f5es para o processo seletivo de transfer\u00eancia para o curso de Medicina da Unifadra Dracena. As vagas s\u00e3o para o 2\u00ba, 4\u00ba e 6\u00ba semestres do [&hellip;]<\/p>\n","protected":false},"author":1,"featured_media":65894,"comment_status":"closed","ping_status":"open","sticky":false,"template":"","format":"standard","meta":{"footnotes":""},"categories":[110,122],"tags":[],"class_list":["post-65891","post","type-post","status-publish","format-standard","has-post-thumbnail","hentry","category-noticiasdestaque","category-saudeeducacaoeconcurso"],"_links":{"self":[{"href":"https:\/\/jorgezanoni.com.br\/2019\/wp-json\/wp\/v2\/posts\/65891","targetHints":{"allow":["GET"]}}],"collection":[{"href":"https:\/\/jorgezanoni.com.br\/2019\/wp-json\/wp\/v2\/posts"}],"about":[{"href":"https:\/\/jorgezanoni.com.br\/2019\/wp-json\/wp\/v2\/types\/post"}],"author":[{"embeddable":true,"href":"https:\/\/jorgezanoni.com.br\/2019\/wp-json\/wp\/v2\/users\/1"}],"replies":[{"embeddable":true,"href":"https:\/\/jorgezanoni.com.br\/2019\/wp-json\/wp\/v2\/comments?post=65891"}],"version-history":[{"count":1,"href":"https:\/\/jorgezanoni.com.br\/2019\/wp-json\/wp\/v2\/posts\/65891\/revisions"}],"predecessor-version":[{"id":65895,"href":"https:\/\/jorgezanoni.com.br\/2019\/wp-json\/wp\/v2\/posts\/65891\/revisions\/65895"}],"wp:featuredmedia":[{"embeddable":true,"href":"https:\/\/jorgezanoni.com.br\/2019\/wp-json\/wp\/v2\/media\/65894"}],"wp:attachment":[{"href":"https:\/\/jorgezanoni.com.br\/2019\/wp-json\/wp\/v2\/media?parent=65891"}],"wp:term":[{"taxonomy":"category","embeddable":true,"href":"https:\/\/jorgezanoni.com.br\/2019\/wp-json\/wp\/v2\/categories?post=65891"},{"taxonomy":"post_tag","embeddable":true,"href":"https:\/\/jorgezanoni.com.br\/2019\/wp-json\/wp\/v2\/tags?post=65891"}],"curies":[{"name":"wp","href":"https:\/\/api.w.org\/{rel}","templated":true}]}}