{"id":65823,"date":"2022-06-30T22:53:39","date_gmt":"2022-06-30T22:53:39","guid":{"rendered":"https:\/\/jorgezanoni.com.br\/2019\/?p=65823"},"modified":"2022-06-30T22:54:20","modified_gmt":"2022-06-30T22:54:20","slug":"reitor-da-unesp-visita-a-fcat","status":"publish","type":"post","link":"https:\/\/jorgezanoni.com.br\/2019\/reitor-da-unesp-visita-a-fcat\/","title":{"rendered":"Reitor da Unesp visita a FCAT"},"content":{"rendered":"<div dir=\"ltr\">\n<div class=\"v1gmail-small-12 v1gmail-large-9 v1gmail-columns\">\n<p class=\"v1gmail-subtitulo-noticia\" style=\"text-align: justify;\"><strong>Pasqual Barretti e sua delega\u00e7\u00e3o foram recebidos pela diretoria.<\/strong><\/p>\n<\/div>\n<\/div>\n<div dir=\"ltr\">\n<p dir=\"ltr\" style=\"text-align: justify;\">Na manh\u00e3 do dia 24 de junho, o Reitor da Unesp, professor Pasqual Barretti, esteve no C\u00e2mpus de Dracena acompanhado dos professores Cesar Martins, Chefe de Gabinete, e dos Assessores Jos\u00e9 Afonso Carrijo e Paulo Alexandre Monteiro de Figueiredo. A delega\u00e7\u00e3o foi recebida pela Dire\u00e7\u00e3o da Faculdade de Ci\u00eancias Agr\u00e1rias e Tecnol\u00f3gicas da Unesp &#8211; C\u00e2mpus de Dracena, professor F\u00e1bio Mingatto e professora Sirlei Maest\u00e1.<\/p>\n<p dir=\"ltr\" style=\"text-align: justify;\">Estiveram tamb\u00e9m presentes para conversa com o Reitor, o prefeito da cidade, Andr\u00e9 Kozan Lemos, Thauana Duarte, Secret\u00e1ria de Governo, e Maykel Andr\u00e9 Vicioli, Coordenador de Gabinete. Na oportunidade, a Dire\u00e7\u00e3o da FCAT e o Reitor agradeceram ao Excelent\u00edssimo prefeito pela parceria com o C\u00e2mpus de Dracena e apresentaram algumas demandas.<\/p>\n<p style=\"text-align: justify;\">O professor F\u00e1bio Mingatto e a professora Sirlei Maest\u00e1 apresentaram ao Reitor dados referentes \u00e0s atividades do C\u00e2mpus e um plano de obras local para os pr\u00f3ximos anos, que inclui a constru\u00e7\u00e3o de um novo audit\u00f3rio com 220 lugares e amplia\u00e7\u00e3o do bloco de docentes e administrativo, entre outras.<\/p>\n<p style=\"text-align: justify;\">Durante o encontro com toda a comunidade da FCAT, que sucedeu a reuni\u00e3o com a diretoria e o chefe do executivo, Barretti ressaltou o crescimento do C\u00e2mpus de Dracena nos seus 19 anos de exist\u00eancia e a qualidade do Plano Diretor da Unidade apresentado pela diretoria local. Em seguida, respondeu a questionamentos de alunos, professores e t\u00e9cnicos-administrativos.<\/p>\n<p dir=\"ltr\" style=\"text-align: justify;\">Para Dire\u00e7\u00e3o, &#8220;A visita do Reitor foi um momento importante n\u00e3o s\u00f3 para que ele pudesse conhecer de perto o trabalho desenvolvido por docentes, alunos e todo o corpo t\u00e9cnico-administrativo da FCAT, que completa 19 anos no pr\u00f3ximo m\u00eas de agosto, mas tamb\u00e9m, para conhecer as demandas do C\u00e2mpus, que certamente ir\u00e3o contribuir para o nosso crescimento nos pr\u00f3ximos anos&#8221;.<\/p>\n<p dir=\"ltr\" style=\"text-align: justify;\"><img loading=\"lazy\" decoding=\"async\" class=\"alignnone size-full wp-image-65824\" src=\"https:\/\/jorgezanoni.com.br\/2019\/wp-content\/uploads\/2022\/06\/une.jpg\" alt=\"\" width=\"795\" height=\"324\" srcset=\"https:\/\/jorgezanoni.com.br\/2019\/wp-content\/uploads\/2022\/06\/une.jpg 795w, https:\/\/jorgezanoni.com.br\/2019\/wp-content\/uploads\/2022\/06\/une-300x122.jpg 300w, https:\/\/jorgezanoni.com.br\/2019\/wp-content\/uploads\/2022\/06\/une-768x313.jpg 768w, https:\/\/jorgezanoni.com.br\/2019\/wp-content\/uploads\/2022\/06\/une-696x284.jpg 696w\" sizes=\"auto, (max-width: 795px) 100vw, 795px\" \/> <img loading=\"lazy\" decoding=\"async\" class=\"alignnone size-full wp-image-65826\" src=\"https:\/\/jorgezanoni.com.br\/2019\/wp-content\/uploads\/2022\/06\/une2.jpg\" alt=\"\" width=\"700\" height=\"466\" srcset=\"https:\/\/jorgezanoni.com.br\/2019\/wp-content\/uploads\/2022\/06\/une2.jpg 700w, https:\/\/jorgezanoni.com.br\/2019\/wp-content\/uploads\/2022\/06\/une2-300x200.jpg 300w, https:\/\/jorgezanoni.com.br\/2019\/wp-content\/uploads\/2022\/06\/une2-696x463.jpg 696w, https:\/\/jorgezanoni.com.br\/2019\/wp-content\/uploads\/2022\/06\/une2-631x420.jpg 631w\" sizes=\"auto, (max-width: 700px) 100vw, 700px\" \/> <img loading=\"lazy\" decoding=\"async\" class=\"alignnone size-full wp-image-65827\" src=\"https:\/\/jorgezanoni.com.br\/2019\/wp-content\/uploads\/2022\/06\/une3.jpg\" alt=\"\" width=\"700\" height=\"466\" srcset=\"https:\/\/jorgezanoni.com.br\/2019\/wp-content\/uploads\/2022\/06\/une3.jpg 700w, https:\/\/jorgezanoni.com.br\/2019\/wp-content\/uploads\/2022\/06\/une3-300x200.jpg 300w, https:\/\/jorgezanoni.com.br\/2019\/wp-content\/uploads\/2022\/06\/une3-696x463.jpg 696w, https:\/\/jorgezanoni.com.br\/2019\/wp-content\/uploads\/2022\/06\/une3-631x420.jpg 631w\" sizes=\"auto, (max-width: 700px) 100vw, 700px\" \/> <img loading=\"lazy\" decoding=\"async\" class=\"alignnone size-full wp-image-65828\" src=\"https:\/\/jorgezanoni.com.br\/2019\/wp-content\/uploads\/2022\/06\/une4.jpg\" alt=\"\" width=\"700\" height=\"466\" srcset=\"https:\/\/jorgezanoni.com.br\/2019\/wp-content\/uploads\/2022\/06\/une4.jpg 700w, https:\/\/jorgezanoni.com.br\/2019\/wp-content\/uploads\/2022\/06\/une4-300x200.jpg 300w, https:\/\/jorgezanoni.com.br\/2019\/wp-content\/uploads\/2022\/06\/une4-696x463.jpg 696w, https:\/\/jorgezanoni.com.br\/2019\/wp-content\/uploads\/2022\/06\/une4-631x420.jpg 631w\" sizes=\"auto, (max-width: 700px) 100vw, 700px\" \/> <img loading=\"lazy\" decoding=\"async\" class=\"alignnone size-full wp-image-65829\" src=\"https:\/\/jorgezanoni.com.br\/2019\/wp-content\/uploads\/2022\/06\/une5.jpg\" alt=\"\" width=\"700\" height=\"466\" srcset=\"https:\/\/jorgezanoni.com.br\/2019\/wp-content\/uploads\/2022\/06\/une5.jpg 700w, https:\/\/jorgezanoni.com.br\/2019\/wp-content\/uploads\/2022\/06\/une5-300x200.jpg 300w, https:\/\/jorgezanoni.com.br\/2019\/wp-content\/uploads\/2022\/06\/une5-696x463.jpg 696w, https:\/\/jorgezanoni.com.br\/2019\/wp-content\/uploads\/2022\/06\/une5-631x420.jpg 631w\" sizes=\"auto, (max-width: 700px) 100vw, 700px\" \/>Fonte: FCAT\/Unesp<\/p>\n<\/div>\n","protected":false},"excerpt":{"rendered":"<p>Pasqual Barretti e sua delega\u00e7\u00e3o foram recebidos pela diretoria. Na manh\u00e3 do dia 24 de junho, o Reitor da Unesp, professor Pasqual Barretti, esteve no C\u00e2mpus de Dracena acompanhado dos professores Cesar Martins, Chefe de Gabinete, e dos Assessores Jos\u00e9 Afonso Carrijo e Paulo Alexandre Monteiro de Figueiredo. A delega\u00e7\u00e3o foi recebida pela Dire\u00e7\u00e3o da [&hellip;]<\/p>\n","protected":false},"author":1,"featured_media":65830,"comment_status":"closed","ping_status":"open","sticky":false,"template":"","format":"standard","meta":{"footnotes":""},"categories":[110,122],"tags":[],"class_list":["post-65823","post","type-post","status-publish","format-standard","has-post-thumbnail","hentry","category-noticiasdestaque","category-saudeeducacaoeconcurso"],"_links":{"self":[{"href":"https:\/\/jorgezanoni.com.br\/2019\/wp-json\/wp\/v2\/posts\/65823","targetHints":{"allow":["GET"]}}],"collection":[{"href":"https:\/\/jorgezanoni.com.br\/2019\/wp-json\/wp\/v2\/posts"}],"about":[{"href":"https:\/\/jorgezanoni.com.br\/2019\/wp-json\/wp\/v2\/types\/post"}],"author":[{"embeddable":true,"href":"https:\/\/jorgezanoni.com.br\/2019\/wp-json\/wp\/v2\/users\/1"}],"replies":[{"embeddable":true,"href":"https:\/\/jorgezanoni.com.br\/2019\/wp-json\/wp\/v2\/comments?post=65823"}],"version-history":[{"count":0,"href":"https:\/\/jorgezanoni.com.br\/2019\/wp-json\/wp\/v2\/posts\/65823\/revisions"}],"wp:featuredmedia":[{"embeddable":true,"href":"https:\/\/jorgezanoni.com.br\/2019\/wp-json\/wp\/v2\/media\/65830"}],"wp:attachment":[{"href":"https:\/\/jorgezanoni.com.br\/2019\/wp-json\/wp\/v2\/media?parent=65823"}],"wp:term":[{"taxonomy":"category","embeddable":true,"href":"https:\/\/jorgezanoni.com.br\/2019\/wp-json\/wp\/v2\/categories?post=65823"},{"taxonomy":"post_tag","embeddable":true,"href":"https:\/\/jorgezanoni.com.br\/2019\/wp-json\/wp\/v2\/tags?post=65823"}],"curies":[{"name":"wp","href":"https:\/\/api.w.org\/{rel}","templated":true}]}}