{"id":65820,"date":"2022-06-30T22:10:11","date_gmt":"2022-06-30T22:10:11","guid":{"rendered":"https:\/\/jorgezanoni.com.br\/2019\/?p=65820"},"modified":"2022-06-30T22:10:11","modified_gmt":"2022-06-30T22:10:11","slug":"comemoracao-do-dia-dos-bombeiros-sera-nesta-sexta-feira-1o-na-praca-arthur-pagnozzi","status":"publish","type":"post","link":"https:\/\/jorgezanoni.com.br\/2019\/comemoracao-do-dia-dos-bombeiros-sera-nesta-sexta-feira-1o-na-praca-arthur-pagnozzi\/","title":{"rendered":"Comemora\u00e7\u00e3o do &#8220;Dia dos Bombeiros&#8221; ser\u00e1 nesta sexta-feira (1\u00ba) na Pra\u00e7a Arthur Pagnozzi"},"content":{"rendered":"<p><strong>DIA DO BOMBEIRO BRASILEIRO (2) s\u00e1bado, comemora\u00e7\u00e3o amanh\u00e3 1\u00ba).<\/strong><\/p>\n<p style=\"text-align: justify;\">No dia 02 de julho foi institu\u00eddo o \u201cDia do Bombeiro Brasileiro\u201d, criado pelo decreto Federal N\u00ba 35.309, 02 de abril de 1954. A escolha desta data \u00e9 uma homenagem \u00e0 cria\u00e7\u00e3o do Corpo Provis\u00f3rio da Corte, inaugurado em 02 de julho de 1856, no Rio de Janeiro e, desde ent\u00e3o, essa data \u00e9 utilizada para <strong>homenagear todos os her\u00f3is brasileiros que se arriscam para proteger a vida, o patrim\u00f4nio e o meio ambiente<\/strong>.<\/p>\n<p style=\"text-align: justify;\">Em comemora\u00e7\u00e3o a este dia o Corpo de Bombeiros da Policia Militar do Estado de S\u00e3o Paulo realizar\u00e1 a\u00e7\u00f5es educativas, por meio de montagem de estande para \u201c<strong>demonstra\u00e7\u00e3o de materiais e viaturas\u201d<\/strong>, utilizadas em ocorr\u00eancias de \u201cInc\u00eandios em Vegeta\u00e7\u00e3o e outros\u201d\u00a0 em locais de grande aglomera\u00e7\u00e3o de pessoal, bem como entrevistas em meios de comunica\u00e7\u00e3o, simulados, palestras, distribui\u00e7\u00e3o de material educativo, e outras atividades que tem como objetivo educar, capacitar ou produzir mudan\u00e7as de comportamento, e conscientizar a popula\u00e7\u00e3o sobre os riscos dos inc\u00eandios em coberturas vegetais, fogo em lixo, dentre outras causas, e como agravante, alertar para as doen\u00e7as respirat\u00f3rias que s\u00e3o potencializadas nesse per\u00edodo de estiagem.<\/p>\n<p style=\"text-align: justify;\">Com isso o Corpo de Bombeiros da Pol\u00edcia Militar do Estado de S\u00e3o Paulo, busca conscientizar a sociedade a fim de identificar os riscos existentes com a realiza\u00e7\u00e3o de\u00a0queimadas, e o consequente agravamento das enfermidades causadas por inala\u00e7\u00e3o de fuma\u00e7a.<\/p>\n<p style=\"text-align: justify;\">\u00a0\u00a0\u00a0\u00a0\u00a0\u00a0\u00a0\u00a0\u00a0\u00a0\u00a0\u00a0\u00a0\u00a0\u00a0\u00a0\u00a0\u00a0\u00a0\u00a0\u00a0\u00a0\u00a0\u00a0\u00a0\u00a0\u00a0\u00a0\u00a0\u00a0\u00a0\u00a0\u00a0\u00a0\u00a0\u00a0\u00a0 \u00a0\u00a0Quartel em S\u00e3o Paulo, 13 de Junho de 2021<\/p>\n<p style=\"text-align: justify;\">\u00a0\u00a0\u00a0\u00a0\u00a0\u00a0\u00a0\u00a0\u00a0\u00a0\u00a0\u00a0\u00a0\u00a0\u00a0\u00a0\u00a0\u00a0\u00a0\u00a0\u00a0\u00a0\u00a0\u00a0\u00a0\u00a0\u00a0\u00a0\u00a0 Corpo de Bombeiros da Pol\u00edcia Militar do Estado de S\u00e3o Paulo<\/p>\n","protected":false},"excerpt":{"rendered":"<p>DIA DO BOMBEIRO BRASILEIRO (2) s\u00e1bado, comemora\u00e7\u00e3o amanh\u00e3 1\u00ba). No dia 02 de julho foi institu\u00eddo o \u201cDia do Bombeiro Brasileiro\u201d, criado pelo decreto Federal N\u00ba 35.309, 02 de abril de 1954. A escolha desta data \u00e9 uma homenagem \u00e0 cria\u00e7\u00e3o do Corpo Provis\u00f3rio da Corte, inaugurado em 02 de julho de 1856, no Rio [&hellip;]<\/p>\n","protected":false},"author":1,"featured_media":65821,"comment_status":"closed","ping_status":"open","sticky":false,"template":"","format":"standard","meta":{"footnotes":""},"categories":[179,184,110],"tags":[],"class_list":["post-65820","post","type-post","status-publish","format-standard","has-post-thumbnail","hentry","category-cidadeseregiao","category-dracena","category-noticiasdestaque"],"_links":{"self":[{"href":"https:\/\/jorgezanoni.com.br\/2019\/wp-json\/wp\/v2\/posts\/65820","targetHints":{"allow":["GET"]}}],"collection":[{"href":"https:\/\/jorgezanoni.com.br\/2019\/wp-json\/wp\/v2\/posts"}],"about":[{"href":"https:\/\/jorgezanoni.com.br\/2019\/wp-json\/wp\/v2\/types\/post"}],"author":[{"embeddable":true,"href":"https:\/\/jorgezanoni.com.br\/2019\/wp-json\/wp\/v2\/users\/1"}],"replies":[{"embeddable":true,"href":"https:\/\/jorgezanoni.com.br\/2019\/wp-json\/wp\/v2\/comments?post=65820"}],"version-history":[{"count":0,"href":"https:\/\/jorgezanoni.com.br\/2019\/wp-json\/wp\/v2\/posts\/65820\/revisions"}],"wp:featuredmedia":[{"embeddable":true,"href":"https:\/\/jorgezanoni.com.br\/2019\/wp-json\/wp\/v2\/media\/65821"}],"wp:attachment":[{"href":"https:\/\/jorgezanoni.com.br\/2019\/wp-json\/wp\/v2\/media?parent=65820"}],"wp:term":[{"taxonomy":"category","embeddable":true,"href":"https:\/\/jorgezanoni.com.br\/2019\/wp-json\/wp\/v2\/categories?post=65820"},{"taxonomy":"post_tag","embeddable":true,"href":"https:\/\/jorgezanoni.com.br\/2019\/wp-json\/wp\/v2\/tags?post=65820"}],"curies":[{"name":"wp","href":"https:\/\/api.w.org\/{rel}","templated":true}]}}