{"id":65809,"date":"2022-06-30T12:32:17","date_gmt":"2022-06-30T12:32:17","guid":{"rendered":"https:\/\/jorgezanoni.com.br\/2019\/?p=65809"},"modified":"2022-06-30T12:32:35","modified_gmt":"2022-06-30T12:32:35","slug":"morador-de-venceslau-marinho-nao-resiste-apos-acidente-e-morre-aos-55-anos-de-idade","status":"publish","type":"post","link":"https:\/\/jorgezanoni.com.br\/2019\/morador-de-venceslau-marinho-nao-resiste-apos-acidente-e-morre-aos-55-anos-de-idade\/","title":{"rendered":"Morador de Venceslau, Marinho n\u00e3o resiste ap\u00f3s acidente e morre aos 55 anos de idade"},"content":{"rendered":"<p style=\"text-align: justify;\">O produtor rural venceslauense, M\u00e1rio Pinto Junior, de 55 anos de idade, conhecido como Marinho, faleceu na madrugada desta quinta-feira (30), ap\u00f3s sofrer grave acidente na Rodovia da Integra\u00e7\u00e3o, no trevo de acesso a cidade de Marab\u00e1 Paulista por volta das 21 horas. Ele chegou a ser socorrido e encaminhado pelo Corpo de Bombeiros at\u00e9 a Santa Casa de Presidente Venceslau, mas n\u00e3o resistiu.<\/p>\n<p style=\"text-align: justify;\">Marinho estava na dire\u00e7\u00e3o de um ve\u00edculo Gol que acabou sendo atingido por uma carreta no cruzamento do trevo de Marab\u00e1 Paulista. Com o impacto, o carro foi arrastado pela carreta.<\/p>\n<p style=\"text-align: justify;\"><img decoding=\"async\" src=\"https:\/\/www.portalbueno.com.br\/uploads\/news\/30_06_2022_090547_681.jpg\" alt=\"\" \/><\/p>\n<p style=\"text-align: justify;\">O Corpo de Bombeiros fez o atendimento e encaminhou o motorista do ve\u00edculo em estado grave at\u00e9 o Pronto Socorro da Santa Casa de Presidente Venceslau. Ele chegou a ser intubado e passou por v\u00e1rios procedimentos m\u00e9dicos, teve paradas card\u00edacas, e o quadro se agravou. O \u00f3bito foi confirmado por volta das 03h15 de hoje.<\/p>\n<p style=\"text-align: justify;\">O motorista da carreta nada sofreu. A per\u00edcia t\u00e9cnica foi acionada e ir\u00e1 apurar as causas do acidente.<\/p>\n<p style=\"text-align: justify;\">O corpo de Marinho dever\u00e1 ser velado na Organiza\u00e7\u00e3o Presidente e o sepultamento ser\u00e1 no cemit\u00e9rio de Presidente Venceslau em hor\u00e1rio a ser definido pela fam\u00edlia.<\/p>\n<p style=\"text-align: justify;\">Fonte: Portal Bueno<\/p>\n","protected":false},"excerpt":{"rendered":"<p>O produtor rural venceslauense, M\u00e1rio Pinto Junior, de 55 anos de idade, conhecido como Marinho, faleceu na madrugada desta quinta-feira (30), ap\u00f3s sofrer grave acidente na Rodovia da Integra\u00e7\u00e3o, no trevo de acesso a cidade de Marab\u00e1 Paulista por volta das 21 horas. Ele chegou a ser socorrido e encaminhado pelo Corpo de Bombeiros at\u00e9 [&hellip;]<\/p>\n","protected":false},"author":1,"featured_media":65810,"comment_status":"closed","ping_status":"open","sticky":false,"template":"","format":"standard","meta":{"footnotes":""},"categories":[170,110],"tags":[],"class_list":["post-65809","post","type-post","status-publish","format-standard","has-post-thumbnail","hentry","category-acidentes","category-noticiasdestaque"],"_links":{"self":[{"href":"https:\/\/jorgezanoni.com.br\/2019\/wp-json\/wp\/v2\/posts\/65809","targetHints":{"allow":["GET"]}}],"collection":[{"href":"https:\/\/jorgezanoni.com.br\/2019\/wp-json\/wp\/v2\/posts"}],"about":[{"href":"https:\/\/jorgezanoni.com.br\/2019\/wp-json\/wp\/v2\/types\/post"}],"author":[{"embeddable":true,"href":"https:\/\/jorgezanoni.com.br\/2019\/wp-json\/wp\/v2\/users\/1"}],"replies":[{"embeddable":true,"href":"https:\/\/jorgezanoni.com.br\/2019\/wp-json\/wp\/v2\/comments?post=65809"}],"version-history":[{"count":0,"href":"https:\/\/jorgezanoni.com.br\/2019\/wp-json\/wp\/v2\/posts\/65809\/revisions"}],"wp:featuredmedia":[{"embeddable":true,"href":"https:\/\/jorgezanoni.com.br\/2019\/wp-json\/wp\/v2\/media\/65810"}],"wp:attachment":[{"href":"https:\/\/jorgezanoni.com.br\/2019\/wp-json\/wp\/v2\/media?parent=65809"}],"wp:term":[{"taxonomy":"category","embeddable":true,"href":"https:\/\/jorgezanoni.com.br\/2019\/wp-json\/wp\/v2\/categories?post=65809"},{"taxonomy":"post_tag","embeddable":true,"href":"https:\/\/jorgezanoni.com.br\/2019\/wp-json\/wp\/v2\/tags?post=65809"}],"curies":[{"name":"wp","href":"https:\/\/api.w.org\/{rel}","templated":true}]}}