{"id":65806,"date":"2022-06-30T12:20:46","date_gmt":"2022-06-30T12:20:46","guid":{"rendered":"https:\/\/jorgezanoni.com.br\/2019\/?p=65806"},"modified":"2022-06-30T12:20:46","modified_gmt":"2022-06-30T12:20:46","slug":"chico-xavier-o-medium-filho-de-analfabetos-que-vendeu-50-milhoes-de-livros","status":"publish","type":"post","link":"https:\/\/jorgezanoni.com.br\/2019\/chico-xavier-o-medium-filho-de-analfabetos-que-vendeu-50-milhoes-de-livros\/","title":{"rendered":"Chico Xavier: o m\u00e9dium filho de analfabetos que vendeu 50 milh\u00f5es de livros"},"content":{"rendered":"<h2 class=\"content-head__subtitle\" style=\"text-align: justify;\"><strong>Chico Xavier costumava dizer que os livros n\u00e3o pertenciam a ele. Que ele n\u00e3o havia escrito nada, mas que eram obras dos esp\u00edritos.<\/strong><\/h2>\n<div class=\"mc-column content-text active-extra-styles \" style=\"text-align: justify;\" data-block-type=\"unstyled\" data-block-weight=\"31\" data-block-id=\"2\">\n<p class=\"content-text__container \" data-track-category=\"Link no Texto\" data-track-links=\"\">Francisco C\u00e2ndido Xavier, o Chico Xavier (1910-2002), costumava dizer que iria &#8220;desencarnar&#8221; em um dia de festa para o Brasil, para que sua morte n\u00e3o fosse lembrada com tristeza.<\/p>\n<\/div>\n<div class=\"wall protected-content\">\n<div class=\"mc-column content-text active-extra-styles \" style=\"text-align: justify;\" data-block-type=\"unstyled\" data-block-weight=\"45\" data-block-id=\"3\">\n<p class=\"content-text__container \" data-track-category=\"Link no Texto\" data-track-links=\"\">Para os c\u00e9ticos, uma coincid\u00eancia; para os que acreditam, mais uma prova das capacidades do m\u00e9dium \u2014 Xavier morreu exatamente h\u00e1 20 anos, no mesmo domingo em que o Brasil venceu a Alemanha na final da Copa do Mundo e conquistou o sonhado pentacampeonato.<\/p>\n<\/div>\n<div class=\"mc-column content-text active-extra-styles \" data-block-type=\"unstyled\" data-block-weight=\"74\" data-block-id=\"4\">\n<p class=\"content-text__container \" style=\"text-align: justify;\" data-track-category=\"Link no Texto\" data-track-links=\"\">Ele tinha 92 anos e era uma personalidade amplamente conhecida no pa\u00eds. O filho de um vendedor de bilhetes de loteria e de uma lavadeira, ambos analfabetos, havia se tornado o maior m\u00e9dium brasileiro, tendo escrito mais de 10 mil cartas psicografadas e se consolidado como dono de uma obra de mais de 450 livros \u2014 cuja autoria sempre foi atribu\u00edda a esp\u00edritos. No total, vendeu cerca de 50 milh\u00f5es de exemplares.<\/p>\n<div class=\"mc-column content-text active-extra-styles \" style=\"text-align: justify;\" data-block-type=\"unstyled\" data-block-weight=\"38\" data-block-id=\"6\">\n<p class=\"content-text__container \" data-track-category=\"Link no Texto\" data-track-links=\"\">Nascido em Pedro Leopoldo, pequeno munic\u00edpio na regi\u00e3o metropolitana de Belo Horizonte, Xavier alcan\u00e7ou a notoriedade com a publica\u00e7\u00e3o de seu primeiro livro \u2014 embora fen\u00f4menos medi\u00fanicos j\u00e1 fizessem parte de sua vida desde a tenra idade.<\/p>\n<\/div>\n<div class=\"mc-column content-text active-extra-styles \" style=\"text-align: justify;\" data-block-type=\"unstyled\" data-block-weight=\"50\" data-block-id=\"7\">\n<p class=\"content-text__container \" data-track-category=\"Link no Texto\" data-track-links=\"\">Em 1932, quando ele ganhava a vida como vendedor e tecel\u00e3o e costumava publicar poesias em jornais \u2014 sempre atribuindo os textos a autores mortos \u2014, ele lan\u00e7ou a antologia Parnaso de Al\u00e9m-T\u00famulo, uma colet\u00e2nea de 60 poemas, assinados por nove poetas brasileiros, quatro portugueses e um an\u00f4nimo.<\/p>\n<\/div>\n<div class=\"mc-column content-text active-extra-styles \" style=\"text-align: justify;\" data-block-type=\"unstyled\" data-block-weight=\"87\" data-block-id=\"8\">\n<p class=\"content-text__container \" data-track-category=\"Link no Texto\" data-track-links=\"\">A edi\u00e7\u00e3o ficou por conta da Federa\u00e7\u00e3o Esp\u00edrita Brasileira. E o livro alcan\u00e7ou repercuss\u00e3o no meio liter\u00e1rio. &#8220;Ele tinha pouco mais de 20 anos e era um matuto, um menino do interior de Minas Gerais, filho de pais analfabetos, que colocava no papel poemas assinados por nomes como Castro Alves, Augusto dos Anjos\u2026 E afirmava: &#8216;foram eles que escreveram, n\u00e3o fui eu'&#8221;, conta o jornalista e escritor Marcel Souto Maior, autor de, entre outros, &#8220;As Li\u00e7\u00f5es de Chico Xavier&#8221; e &#8220;As Vidas de Chico Xavier&#8221;.<\/p>\n<\/div>\n<div class=\"mc-column content-text active-extra-styles \" style=\"text-align: justify;\" data-block-type=\"unstyled\" data-block-weight=\"61\" data-block-id=\"9\">\n<p class=\"content-text__container \" data-track-category=\"Link no Texto\" data-track-links=\"\">&#8220;Era uma \u00e9poca em que ele, que j\u00e1 havia trabalhado numa f\u00e1brica de tecidos, trabalhava 12 horas seguidas por dia como vendedor no armaz\u00e9m de um tio. Tinha pouco tempo para leitura e para exerc\u00edcios de escrita&#8221;, comenta Souto Maior. &#8220;O livro foi publicado e provocou uma grande como\u00e7\u00e3o, atraindo a curiosidade dos principais escritores da Academia Brasileira de Letras.&#8221;<\/p>\n<\/div>\n<div class=\"content-ads content-ads--reveal\" data-block-type=\"ads\" data-block-id=\"10\">\n<div id=\"banner_materia__068bf708-2c6a-4dd9-a569-f8a069dca071\" class=\"tag-manager-publicidade-container mc-has-reveal mc-has-ad-lazyload tag-manager-publicidade-banner_materia__068bf708-2c6a-4dd9-a569-f8a069dca071 tag-manager-publicidade-container--carregado tag-manager-publicidade-container--visivel\" data-id=\"banner_materia__068bf708-2c6a-4dd9-a569-f8a069dca071\" data-req=\"true\" data-google-query-id=\"CK6mrY-Q1fgCFaGFlQId0bYJhw\" data-cid=\"138396328037\" data-lid=\"6052463236\">\n<div class=\"mc-column content-text active-extra-styles \" style=\"text-align: justify;\" data-block-type=\"unstyled\" data-block-weight=\"40\" data-block-id=\"11\">\n<p class=\"content-text__container \" data-track-category=\"Link no Texto\" data-track-links=\"\">Segundo o bi\u00f3grafo, &#8220;95% dos escritores ficaram impressionados com a qualidade e a versatilidade da escrita&#8221;, sendo que alguns comparavam com textos escritos em vida pelos autores ali citados e encontravam muitas semelhan\u00e7as no estilo, na m\u00e9trica e na tem\u00e1tica.<\/p>\n<\/div>\n<div class=\"mc-column content-text active-extra-styles \" style=\"text-align: justify;\" data-block-type=\"unstyled\" data-block-weight=\"38\" data-block-id=\"12\">\n<p class=\"content-text__container \" data-track-category=\"Link no Texto\" data-track-links=\"\">&#8220;Foi um impacto muito forte. E isso levou jornalistas a Pedro Leopoldo, alguns interessados em desvendar aquele enigma, outros querendo &#8216;desmascarar aquela fraude'&#8221;, prossegue Souto Maior. &#8220;Houve um impacto positivo e tamb\u00e9m um impacto negativo na repercuss\u00e3o.&#8221;<\/p>\n<\/div>\n<div class=\"mc-column content-text active-extra-styles \" style=\"text-align: justify;\" data-block-type=\"unstyled\" data-block-weight=\"37\" data-block-id=\"13\">\n<p class=\"content-text__container \" data-track-category=\"Link no Texto\" data-track-links=\"\">Tal dicotomia perseguiu Xavier por toda a vida. &#8220;De um lado, admiradores; de outro, profunda desconfian\u00e7a&#8221;, comenta o jornalista. &#8220;Mas neste in\u00edcio dele, vejo algo forte e interessante. Ele foi se tornando uma figura conhecida. E pol\u00eamica.&#8221;<\/p>\n<\/div>\n<div class=\"mc-column content-text active-extra-styles \" style=\"text-align: justify;\" data-block-type=\"unstyled\" data-block-weight=\"45\" data-block-id=\"14\">\n<p class=\"content-text__container \" data-track-category=\"Link no Texto\" data-track-links=\"\">E se ele sempre manteve a simplicidade no seu dia a dia \u2014 tr\u00eas anos depois, assumiu um posto de escrevente-datil\u00f3grafo em uma fazenda modelo ligada ao Minist\u00e9rio da Agricultura \u2014, a escrita passou ser parte indissoci\u00e1vel de seu dia a dia como m\u00e9dium.<\/p>\n<\/div>\n<div class=\"mc-column content-text active-extra-styles \" data-block-type=\"unstyled\" data-block-weight=\"61\" data-block-id=\"15\">\n<p class=\"content-text__container \" style=\"text-align: justify;\" data-track-category=\"Link no Texto\" data-track-links=\"\">De certa forma, foi essa obra liter\u00e1ria medi\u00fanica que atraiu Souto Maior ao universo de Xavier. Ele se recorda que, nos anos 1990, era ent\u00e3o subeditor de Cultura do Jornal do Brasil quando ficou curioso para ver uma pe\u00e7a de cunho esp\u00edrita que estava arrebatando as bilheterias no Rio de Janeiro. Era &#8220;Nosso Lar&#8221;, baseada no best-seller hom\u00f4nimo psicografado por Xavier.<\/p>\n<div class=\"mc-column content-text active-extra-styles \" style=\"text-align: justify;\" data-block-type=\"unstyled\" data-block-weight=\"54\" data-block-id=\"17\">\n<p class=\"content-text__container \" data-track-category=\"Link no Texto\" data-track-links=\"\">&#8220;Recordo-me at\u00e9 hoje do que escrevi depois, no jornal, sobre a experi\u00eancia, aquele universo em que o centro era Chico Xavier. Coloquei no papel que ele havia ent\u00e3o escrito mais de 400 livros, vendido mais de 30 milh\u00f5es de exemplares e doado toda a renda dos direitos autorais a institui\u00e7\u00f5es beneficentes&#8221;, relata o jornalista.<\/p>\n<\/div>\n<div class=\"mc-column content-text active-extra-styles \" style=\"text-align: justify;\" data-block-type=\"unstyled\" data-block-weight=\"43\" data-block-id=\"18\">\n<p class=\"content-text__container \" data-track-category=\"Link no Texto\" data-track-links=\"\">Xavier costumava dizer que os livros n\u00e3o pertenciam a ele. Que ele n\u00e3o havia escrito nada, mas que eram obras dos esp\u00edritos. &#8220;Aquilo para mim era muito intrigante. Por isso decidi ir at\u00e9 Uberaba, apesar de muito c\u00e9tico, muito descrente&#8221;, diz.<\/p>\n<\/div>\n<div class=\"mc-column content-text active-extra-styles \" style=\"text-align: justify;\" data-block-type=\"unstyled\" data-block-weight=\"19\" data-block-id=\"19\">\n<p class=\"content-text__container \" data-track-category=\"Link no Texto\" data-track-links=\"\">Era em um centro esp\u00edrita na cidade do Tri\u00e2ngulo Mineiro que o m\u00e9dium ent\u00e3o exercia suas atividades.<\/p>\n<\/div>\n<div class=\"mc-column content-text active-extra-styles\" style=\"text-align: justify;\" data-block-type=\"raw\" data-block-weight=\"5\" data-block-id=\"20\">\n<div class=\"content-intertitle\">\n<h2>O s\u00edmbolo do espiritismo brasileiro<\/h2>\n<\/div>\n<\/div>\n<div class=\"mc-column content-text active-extra-styles \" style=\"text-align: justify;\" data-block-type=\"unstyled\" data-block-weight=\"36\" data-block-id=\"21\">\n<p class=\"content-text__container \" data-track-category=\"Link no Texto\" data-track-links=\"\">Esse fasc\u00ednio e todo o carisma de Xavier fizeram dele o maior nome do espiritismo kardecista brasileiro. E tamb\u00e9m foi o que trouxe muitos adeptos para a doutrina fundada na Fran\u00e7a no s\u00e9culo 19.<\/p>\n<\/div>\n<div class=\"mc-column content-text active-extra-styles \" style=\"text-align: justify;\" data-block-type=\"unstyled\" data-block-weight=\"95\" data-block-id=\"22\">\n<p class=\"content-text__container \" data-track-category=\"Link no Texto\" data-track-links=\"\">&#8220;Chico Xavier n\u00e3o foi s\u00f3 o grande m\u00e9dium, mas todo o espiritismo brasileiro ganhou uma fei\u00e7\u00e3o diversa depois de sua apari\u00e7\u00e3o. Ele n\u00e3o \u00e9 apenas um m\u00e9dium carism\u00e1tico, \u00e9 antes de tudo um modelo de esp\u00edrita exemplar, que \u00e9 tamb\u00e9m um modelo de santo crist\u00e3o exemplar a ser seguido e imitado em sua caridade, humildade e ren\u00fancia, n\u00e3o por acaso temas do catolicismo&#8221;, contextualiza o fil\u00f3sofo e antrop\u00f3logo Bernardo Lewgoy, professor na Universidade Federal do Rio Grande do Sul (UFRGS) e autor do livro &#8220;O Grande Mediador: Chico Xavier e a Cultura Brasileira&#8221;.<\/p>\n<\/div>\n<div class=\"content-ads content-ads--reveal\" data-block-type=\"ads\" data-block-id=\"23\">\n<div id=\"banner_materia__4ae6e055-533d-497b-b6cc-432357082d29\" class=\"tag-manager-publicidade-container mc-has-reveal mc-has-ad-lazyload tag-manager-publicidade-banner_materia__4ae6e055-533d-497b-b6cc-432357082d29 tag-manager-publicidade-container--carregado tag-manager-publicidade-container--visivel\" data-id=\"banner_materia__4ae6e055-533d-497b-b6cc-432357082d29\" data-req=\"true\" data-google-query-id=\"CPeZjZCQ1fgCFVWWlQIdybkPcw\" data-cid=\"null\" data-lid=\"null\">\n<div class=\"mc-column content-text active-extra-styles \" style=\"text-align: justify;\" data-block-type=\"unstyled\" data-block-weight=\"45\" data-block-id=\"24\">\n<p class=\"content-text__container \" data-track-category=\"Link no Texto\" data-track-links=\"\">&#8220;Ele nacionalizou o espiritismo kardecista franc\u00eas, criando uma escatologia nacional pr\u00f3pria nos anos 30 e 40. Por outro lado, aproximou o antigo Kardecismo elitista das pessoas mais simples, valorizou as mulheres como personagens ativas nos centros esp\u00edritas e na pr\u00e1tica familiar do espiritismo&#8221;, complementa.<\/p>\n<\/div>\n<div class=\"mc-column content-text active-extra-styles \" style=\"text-align: justify;\" data-block-type=\"unstyled\" data-block-weight=\"48\" data-block-id=\"25\">\n<p class=\"content-text__container \" data-track-category=\"Link no Texto\" data-track-links=\"\">O antrop\u00f3logo avalia que Xavier consagrou-se &#8220;como uma esp\u00e9cie de &#8216;santo informal&#8217; do espiritismo&#8221;. &#8220;Os livros e as mensagens de Emmanuel e Andr\u00e9 Luiz [os dois principais nomes a quem ele atribuiu a autoria de seus textos psicografados] s\u00e3o presen\u00e7a e leitura obrigat\u00f3ria em centros esp\u00edritas brasileiros&#8221;, comenta.<\/p>\n<\/div>\n<div class=\"mc-column content-text active-extra-styles \" style=\"text-align: justify;\" data-block-type=\"unstyled\" data-block-weight=\"46\" data-block-id=\"26\">\n<p class=\"content-text__container \" data-track-category=\"Link no Texto\" data-track-links=\"\">Um dos temas centrais do livro O Grande Mediador \u00e9 como Xavier conseguiu popularizar o espiritismo em um pa\u00eds de ra\u00edzes fortemente cat\u00f3licas como o Brasil. &#8220;O espiritismo chegou ao Brasil no s\u00e9culo 19, quando o catolicismo era religi\u00e3o oficial do Imp\u00e9rio&#8221;, pontua Lewgoy.<\/p>\n<\/div>\n<div class=\"mc-column content-text active-extra-styles \" style=\"text-align: justify;\" data-block-type=\"unstyled\" data-block-weight=\"53\" data-block-id=\"27\">\n<p class=\"content-text__container \" data-track-category=\"Link no Texto\" data-track-links=\"\">&#8220;Mas o catolicismo nunca foi homog\u00eaneo: sempre houve devo\u00e7\u00f5es populares e misturas sincr\u00e9ticas com outras religiosidades de origem ind\u00edgena e africana. A cren\u00e7a em esp\u00edritos que sobrevivem ap\u00f3s a morte do corpo e que retornam periodicamente parece ser uma moeda comum dessa espiritualidade difusa abrigada no grande manto cat\u00f3lico-popular&#8221;, avalia o pesquisador.<\/p>\n<\/div>\n<div class=\"mc-column content-text active-extra-styles \" data-block-type=\"unstyled\" data-block-weight=\"78\" data-block-id=\"28\">\n<p class=\"content-text__container \" style=\"text-align: justify;\" data-track-category=\"Link no Texto\" data-track-links=\"\">&#8220;O espiritismo \u00e9 uma religi\u00e3o urbana de classes m\u00e9dias inseridas no crescimento de profiss\u00f5es t\u00edpicas dessa classe, como m\u00e9dicos, militares e professores. O apelo da experi\u00eancia medi\u00fanica com uma base cultural europeia, pela quest\u00e3o do capital cultural envolvido, de que eram \u00e1vidos em sua busca por legitimidade, numa \u00e9poca de difus\u00e3o do positivismo e do evolucionismo \u00e9 fator de muito import\u00e2ncia para esse segmento, associando-se a contatos com parentes falecidos e pr\u00e1ticas de caridade e de cura.&#8221;<\/p>\n<div class=\"mc-column content-text active-extra-styles \" style=\"text-align: justify;\" data-block-type=\"unstyled\" data-block-weight=\"44\" data-block-id=\"30\">\n<p class=\"content-text__container \" data-track-category=\"Link no Texto\" data-track-links=\"\">Na vis\u00e3o do antrop\u00f3logo, estabeleceu-se ent\u00e3o &#8220;um longo e invis\u00edvel di\u00e1logo sincr\u00e9tico, misturado a uma forte competi\u00e7\u00e3o&#8221; entre espiritismo e catolicismo. Este foi o caminho encontrado por Xavier, um homem h\u00e1bil em costurar &#8220;uma agenda nacional crist\u00e3-esp\u00edrita, com influ\u00eancia do catolicismo popular&#8221;.<\/p>\n<\/div>\n<div class=\"mc-column content-text active-extra-styles \" style=\"text-align: justify;\" data-block-type=\"unstyled\" data-block-weight=\"28\" data-block-id=\"31\">\n<p class=\"content-text__container \" data-track-category=\"Link no Texto\" data-track-links=\"\">&#8220;Seu discurso era fundamentalmente crist\u00e3o. E ele sempre fazia quest\u00e3o de dizer que a Igreja Cat\u00f3lica era o ber\u00e7o de todos n\u00f3s&#8221;, ressalta o jornalista Souto Maior.<\/p>\n<\/div>\n<div class=\"mc-column content-text active-extra-styles\" data-block-type=\"raw\" data-block-weight=\"3\" data-block-id=\"32\">\n<div class=\"content-intertitle\">\n<h2 style=\"text-align: justify;\">Biografia do m\u00e9dium<\/h2>\n<div class=\"mc-column content-text active-extra-styles \" style=\"text-align: justify;\" data-block-type=\"unstyled\" data-block-weight=\"45\" data-block-id=\"33\">\n<p class=\"content-text__container \" data-track-category=\"Link no Texto\" data-track-links=\"\">A m\u00e3e de Xavier era cat\u00f3lica e morreu quando o garoto tinha apenas 5 anos. Segundo alguns bi\u00f3grafos, um ano antes ele j\u00e1 relatava ouvir vozes do al\u00e9m. Quando se tornou \u00f3rf\u00e3o, passou a &#8220;ter di\u00e1logos&#8221; di\u00e1rios com o que seria o esp\u00edrito da m\u00e3e.<\/p>\n<\/div>\n<div class=\"mc-column content-text active-extra-styles \" style=\"text-align: justify;\" data-block-type=\"unstyled\" data-block-weight=\"34\" data-block-id=\"34\">\n<p class=\"content-text__container \" data-track-category=\"Link no Texto\" data-track-links=\"\">Diante da estranheza dos familiares \u2014 ele acabou sendo criado por uma madrinha retratada como mulher violenta, que o castigava e a\u00e7oitava \u2014, seu conselheiro na inf\u00e2ncia foi um padre da cidade natal.<\/p>\n<\/div>\n<div class=\"mc-column content-text active-extra-styles \" data-block-type=\"unstyled\" data-block-weight=\"55\" data-block-id=\"35\">\n<p class=\"content-text__container \" style=\"text-align: justify;\" data-track-category=\"Link no Texto\" data-track-links=\"\">&#8220;Ele foi fundamental para que Chico Xavier n\u00e3o fosse internado pelo pai como um louco quando come\u00e7ou a ouvir vozes e ter vis\u00f5es&#8221;, conta Souto Maior. &#8220;O padre dizia para ele ter cuidado com que falava, n\u00e3o contar tudo o que vivia\u2026 Por isso ele sempre teve um profundo respeito e gratid\u00e3o pelo catolicismo.&#8221;<\/p>\n<div class=\"mc-column content-text active-extra-styles \" style=\"text-align: justify;\" data-block-type=\"unstyled\" data-block-weight=\"29\" data-block-id=\"37\">\n<p class=\"content-text__container \" data-track-category=\"Link no Texto\" data-track-links=\"\">Foi s\u00f3 aos 17 anos que Xavier teve contato com a doutrina esp\u00edrita kardecista \u2014 e assim colocar o que vivenciava dentro dos m\u00e9todos de uma doutrina.<\/p>\n<\/div>\n<div class=\"mc-column content-text active-extra-styles \" style=\"text-align: justify;\" data-block-type=\"unstyled\" data-block-weight=\"39\" data-block-id=\"38\">\n<p class=\"content-text__container \" data-track-category=\"Link no Texto\" data-track-links=\"\">Mas se os livros ajudaram a sistematizar o legado de Xavier, foram suas apari\u00e7\u00f5es na TV que renderam fama nacional. \u00c9 considerada um marco sua participa\u00e7\u00e3o, ao vivo, no programa Pinga-Fogo da TV Tupi, em julho de 1971.<\/p>\n<\/div>\n<div class=\"mc-column content-text active-extra-styles \" style=\"text-align: justify;\" data-block-type=\"unstyled\" data-block-weight=\"30\" data-block-id=\"39\">\n<p class=\"content-text__container \" data-track-category=\"Link no Texto\" data-track-links=\"\">Ele acabou repetindo a participa\u00e7\u00e3o no fim do mesmo ano e o sucesso foi tamanho que, segundo a metodologia da \u00e9poca, 86% dos televisores estavam sintonizados no programa.<\/p>\n<\/div>\n<div class=\"mc-column content-text active-extra-styles \" style=\"text-align: justify;\" data-block-type=\"unstyled\" data-block-weight=\"67\" data-block-id=\"40\">\n<p class=\"content-text__container \" data-track-category=\"Link no Texto\" data-track-links=\"\">Na d\u00e9cada de 1980, o dinheiro arrecadado por meio de suas obras j\u00e1 havia sido suficiente para fundar ou auxiliar 2 mil entidades de caridade em todo o pa\u00eds. Para a doutrina esp\u00edrita, a caridade \u00e9 um princ\u00edpio fundamental. Na \u00e9poca houve uma campanha para que ele fosse indicado ao Pr\u00eamio Nobel da Paz. &#8220;A mobiliza\u00e7\u00e3o rendeu 2 milh\u00f5es de assinaturas&#8221;, afirma o bi\u00f3grafo Souto Maior.<\/p>\n<\/div>\n<div class=\"mc-column content-text active-extra-styles \" style=\"text-align: justify;\" data-block-type=\"unstyled\" data-block-weight=\"49\" data-block-id=\"41\">\n<p class=\"content-text__container \" data-track-category=\"Link no Texto\" data-track-links=\"\">Segundo o \u00faltimo censo, de 2010, s\u00e3o 3,8 milh\u00f5es de praticantes do espiritismo kardecista no Brasil. Como bem define o antrop\u00f3logo Lewgoy, trata-se de &#8220;uma minoria religiosa de muito prest\u00edgio&#8221; e isso se traduz no sem-n\u00famero de filmes, telenovelas e outros materiais midi\u00e1ticos que retratam o assunto.<\/p>\n<\/div>\n<div class=\"content-ads content-ads--reveal\" data-block-type=\"ads\" data-block-id=\"42\">\n<div id=\"banner_materia__d1dc36db-0ca2-44ea-948d-4e6949a1e860\" class=\"tag-manager-publicidade-container mc-has-reveal mc-has-ad-lazyload tag-manager-publicidade-banner_materia__d1dc36db-0ca2-44ea-948d-4e6949a1e860 tag-manager-publicidade-container--carregado tag-manager-publicidade-container--visivel\" data-id=\"banner_materia__d1dc36db-0ca2-44ea-948d-4e6949a1e860\" data-req=\"true\" data-google-query-id=\"COq7pJGQ1fgCFTqMlQIden8M8g\" data-cid=\"138317978521\" data-lid=\"5428301741\">\n<article>\n<div class=\"wall protected-content\">\n<div class=\"mc-column content-text active-extra-styles \" data-block-type=\"unstyled\" data-block-weight=\"27\" data-block-id=\"43\">\n<p class=\"content-text__container \" style=\"text-align: justify;\" data-track-category=\"Link no Texto\" data-track-links=\"\">&#8220;O cristianismo evang\u00e9lico tem uma clientela muito distinta dos esp\u00edritas, que s\u00e3o de classes m\u00e9dias urbanas, de maior educa\u00e7\u00e3o formal e renda&#8221;, compara o professor.<\/p>\n<\/div>\n<div class=\"mc-column content-text active-extra-styles \" style=\"text-align: justify;\" data-block-type=\"unstyled\" data-block-weight=\"36\" data-block-id=\"44\">\n<p class=\"content-text__container \" data-track-category=\"Link no Texto\" data-track-links=\"\">Por outro lado, \u00e9 importante pontuar que o kardecismo, no Brasil, acabou assumindo para si o t\u00edtulo de &#8220;espiritismo&#8221;, como se n\u00e3o houvesse tamb\u00e9m no pa\u00eds outras religi\u00f5es esp\u00edritas, de matriz africana e ind\u00edgena.<\/p>\n<\/div>\n<div style=\"text-align: justify;\" data-track-category=\"multicontent\" data-track-action=\"ultimo chunk conteudo\" data-track-noninteraction=\"false\" data-track-scroll=\"view\">\n<div class=\"mc-column content-text active-extra-styles \" data-block-type=\"unstyled\" data-block-weight=\"66\" data-block-id=\"45\">\n<p class=\"content-text__container \" data-track-category=\"Link no Texto\" data-track-links=\"\">&#8220;Creio que sempre houve esse di\u00e1logo [do kardecismo com outras religi\u00f5es] embora marcado por condescend\u00eancia e atitude de superioridade moral dos esp\u00edritas em rela\u00e7\u00e3o aos afros&#8221;, comenta Lewgoy. &#8220;A disputa em torno da &#8216;propriedade&#8217; e legitimidade do uso do termo &#8216;esp\u00edrita&#8217; e a cr\u00edtica \u00e0s manifesta\u00e7\u00f5es de entidades de umbanda e candombl\u00e9 em centros kardecistas s\u00e3o ind\u00edcios de tens\u00f5es de longa dura\u00e7\u00e3o nessa rela\u00e7\u00e3o com afros.&#8221;<\/p>\n<\/div>\n<\/div>\n<\/div>\n<\/article>\n<div class=\"mc-column entities\" style=\"text-align: justify;\">Fonte: https:\/\/g1.globo.com\/pop-arte\/noticia\/2022\/06\/30\/chico-xavier-o-medium-filho-de-analfabetos-que-vendeu-50-milhoes-de-livros.ghtml<\/div>\n<\/div>\n<\/div>\n<\/div>\n<\/div>\n<\/div>\n<\/div>\n<\/div>\n<\/div>\n<\/div>\n<\/div>\n<\/div>\n<\/div>\n<\/div>\n","protected":false},"excerpt":{"rendered":"<p>Chico Xavier costumava dizer que os livros n\u00e3o pertenciam a ele. Que ele n\u00e3o havia escrito nada, mas que eram obras dos esp\u00edritos. Francisco C\u00e2ndido Xavier, o Chico Xavier (1910-2002), costumava dizer que iria &#8220;desencarnar&#8221; em um dia de festa para o Brasil, para que sua morte n\u00e3o fosse lembrada com tristeza. Para os c\u00e9ticos, [&hellip;]<\/p>\n","protected":false},"author":1,"featured_media":65807,"comment_status":"closed","ping_status":"open","sticky":false,"template":"","format":"standard","meta":{"footnotes":""},"categories":[110,118],"tags":[],"class_list":["post-65806","post","type-post","status-publish","format-standard","has-post-thumbnail","hentry","category-noticiasdestaque","category-religiaoesolidariedade"],"_links":{"self":[{"href":"https:\/\/jorgezanoni.com.br\/2019\/wp-json\/wp\/v2\/posts\/65806","targetHints":{"allow":["GET"]}}],"collection":[{"href":"https:\/\/jorgezanoni.com.br\/2019\/wp-json\/wp\/v2\/posts"}],"about":[{"href":"https:\/\/jorgezanoni.com.br\/2019\/wp-json\/wp\/v2\/types\/post"}],"author":[{"embeddable":true,"href":"https:\/\/jorgezanoni.com.br\/2019\/wp-json\/wp\/v2\/users\/1"}],"replies":[{"embeddable":true,"href":"https:\/\/jorgezanoni.com.br\/2019\/wp-json\/wp\/v2\/comments?post=65806"}],"version-history":[{"count":0,"href":"https:\/\/jorgezanoni.com.br\/2019\/wp-json\/wp\/v2\/posts\/65806\/revisions"}],"wp:featuredmedia":[{"embeddable":true,"href":"https:\/\/jorgezanoni.com.br\/2019\/wp-json\/wp\/v2\/media\/65807"}],"wp:attachment":[{"href":"https:\/\/jorgezanoni.com.br\/2019\/wp-json\/wp\/v2\/media?parent=65806"}],"wp:term":[{"taxonomy":"category","embeddable":true,"href":"https:\/\/jorgezanoni.com.br\/2019\/wp-json\/wp\/v2\/categories?post=65806"},{"taxonomy":"post_tag","embeddable":true,"href":"https:\/\/jorgezanoni.com.br\/2019\/wp-json\/wp\/v2\/tags?post=65806"}],"curies":[{"name":"wp","href":"https:\/\/api.w.org\/{rel}","templated":true}]}}